{"id":62587,"date":"2022-08-17T20:02:06","date_gmt":"2022-08-17T23:02:06","guid":{"rendered":"https:\/\/www.centraldenoticias.com.ar\/?p=62587"},"modified":"2022-08-18T08:20:25","modified_gmt":"2022-08-18T11:20:25","slug":"la-idea-es-replicar-las-capacitaciones-en-todos-los-boliches-de-la-ciudad","status":"publish","type":"post","link":"https:\/\/cdnoticias.com\/index.php\/2022\/08\/17\/la-idea-es-replicar-las-capacitaciones-en-todos-los-boliches-de-la-ciudad\/","title":{"rendered":"&#8220;La idea es replicar las capacitaciones en todos los boliches de la ciudad&#8221;"},"content":{"rendered":"<p>As\u00ed lo afirm\u00f3 Florencia Caro, Directora de Pol\u00edticas de G\u00e9nero en el marco de la capacitaci\u00f3n denominada \u201cPerspectiva de g\u00e9nero en \u00e1mbitos de esparcimiento nocturno\u201d. <!--more--><\/p>\n<hr \/>\n<p>&nbsp;<\/p>\n<p>D\u00edas atr\u00e1s se dio a conocer que c<a href=\"https:\/\/cdnoticias.com\/index.php\/2022\/08\/16\/finalizo-la-capacitacion-a-personal-de-nocturnidad-con-perspectiva-de-genero\/\" target=\"_blank\" rel=\"noopener\">ulmin\u00f3 la capacitaci\u00f3n a personal de nocturnidad con perspectiva de g\u00e9nero,<\/a> la cual se brind\u00f3 en el <strong>local bailable Fomento.<\/strong><\/p>\n<p>&nbsp;<\/p>\n<p>La capacitaci\u00f3n fue el <strong>martes 9 y el jueves 11 de agosto<\/strong> y fue dictada por la <strong>Direcci\u00f3n de Pol\u00edticas de G\u00e9nero<\/strong> e integrantes de la <strong>Mesa Local contra la Violencia Familiar y de G\u00e9nero<\/strong> con la colaboraci\u00f3n de la ayudant\u00eda de<strong> Delitos contra la Integridad Sexual.<\/strong><\/p>\n<p>&nbsp;<\/p>\n<p><em>Central de Noticias<\/em> dialog\u00f3 con <strong>Florencia Caro<\/strong>, Directora de Pol\u00edticas de G\u00e9nero quien explic\u00f3 que las capacitaciones <strong>&#8220;si bien fue en el espacio f\u00edsico de Fomento tambi\u00e9n fue para personal de otros espacios de nocturnidad que quisieron sumarse&#8221;<\/strong>. En este marco, coment\u00f3 que personal de Brandi se acerc\u00f3 voluntariamente. <strong>&#8220;No obstante vamos a ofrecer otra capacitaci\u00f3n para este boliche porque trabajan muchas m\u00e1s personas&#8221;.<\/strong><\/p>\n<p>&nbsp;<\/p>\n<p>&#8220;Nos concentramos en <strong>debatir la problem\u00e1tica de la violencia por razones de g\u00e9nero en el \u00e1mbito de la nocturnidad<\/strong>. Aportamos contenido sobre<strong> perspectiva de g\u00e9nero <\/strong>con una<strong> mirada integral, sobre discriminaci\u00f3n por orientaci\u00f3n sexual o por identidad de g\u00e9nero<\/strong>, sobre todo con<strong> personal de seguridad para reforzar las acciones que deben llevarse a cabo cuando se detecta<\/strong> o se presume <strong>una situaci\u00f3n de violencia de g\u00e9nero<\/strong> en el contexto de esos locales de esparcimiento nocturno&#8221; indic\u00f3 Caro.<\/p>\n<p>&nbsp;<\/p>\n<p>Adem\u00e1s coment\u00f3 que las capacitaciones &#8220;responden a un proyecto que iniciamos hace algunos meses<strong>. Vamos a seguir brindando estos espacios de capacitaci\u00f3n ya con un protocolo que pudimos construir colaborativamente con otros actores institucionales<\/strong>. Seguramente el mes que viene vamos a iniciar ese recorrido. <strong>La idea es replicar las capacitaciones en todos los boliches de la ciudad&#8221;<\/strong> explic\u00f3 la Directora de Pol\u00edticas de G\u00e9nero.<\/p>\n<p>&nbsp;<\/p>\n<p>Por \u00faltimo remarc\u00f3 que en la capacitaci\u00f3n que se brind\u00f3 en Fomento,<strong> participaron 70 personas,<\/strong> es decir la <strong>totalidad de trabajadores del boliche nocturno.<\/strong><\/p>\n<p>&nbsp;<\/p>\n<p><span style=\"text-decoration: underline;\"><strong>Sobre el Programa Municipal Nosotras\u00a0<\/strong><\/span><\/p>\n<p>&nbsp;<\/p>\n<p>Este <strong>martes 16 de agosto<\/strong> se firm\u00f3 un convenio para su implementaci\u00f3n. <a href=\"https:\/\/cdnoticias.com\/index.php\/2022\/08\/16\/un-programa-municipal-promueve-el-empleo-genuino-para-mujeres-en-situacion-de-violencia-de-genero\/\" target=\"_blank\" rel=\"noopener\">El programa comprende tareas de mantenimiento en espacios p\u00fablicos de la ciudad ofreciendo acceso a un empleo para mujeres que hayan atravesado situaciones de violencia de g\u00e9nero.<\/a><\/p>\n<p>&nbsp;<\/p>\n<p>Florencia Caro cont\u00f3 a <em>Central de Noticias<\/em> que la <strong>implementaci\u00f3n del programa comienza el pr\u00f3ximo lunes 22 de agosto<\/strong> y que en esta <strong>primera etapa ingresar\u00e1n 5 mujeres.<\/strong><\/p>\n<p>&nbsp;<\/p>\n<p>Adem\u00e1s se podr\u00e1n incorporar m\u00e1s mujeres en el programa: <strong>&#8220;para los primeros meses del a\u00f1o que viene vamos a abrir una segunda etapa<\/strong> en la que no se va a reemplazar a estas 5 mujeres, la idea es que ellas sean las primeras y que esto le abra las puertas a otras mujeres para el a\u00f1o que viene poder incorporar m\u00e1s&#8221; explic\u00f3 Caro.<\/p>\n<p>&nbsp;<\/p>\n<p>Por \u00faltimo remarc\u00f3 que las <strong>integrantes<\/strong> del Programa Municipal Nosotras &#8220;<strong>son mujeres que vienen siendo acompa\u00f1adas de la direcci\u00f3n venimos trabajando de manera integral desde hace mucho tiempo&#8221;.\u00a0<\/strong><\/p>\n<p>&nbsp;<\/p>\n","protected":false},"excerpt":{"rendered":"<p>As\u00ed lo afirm\u00f3 Florencia Caro, Directora de Pol\u00edticas de G\u00e9nero en el marco de la capacitaci\u00f3n denominada \u201cPerspectiva de g\u00e9nero<\/p>\n","protected":false},"author":6,"featured_media":62588,"comment_status":"closed","ping_status":"closed","sticky":false,"template":"","format":"standard","meta":{"_jetpack_memberships_contains_paid_content":false,"footnotes":""},"categories":[3,1],"tags":[],"class_list":["post-62587","post","type-post","status-publish","format-standard","has-post-thumbnail","hentry","category-genero","category-portada"],"jetpack_featured_media_url":"https:\/\/i0.wp.com\/cdnoticias.com\/wp-content\/uploads\/2022\/08\/DSC_0018_16987_10496-1024x683-1.jpg?fit=1024%2C683&ssl=1","jetpack_sharing_enabled":true,"_links":{"self":[{"href":"https:\/\/cdnoticias.com\/index.php\/wp-json\/wp\/v2\/posts\/62587","targetHints":{"allow":["GET"]}}],"collection":[{"href":"https:\/\/cdnoticias.com\/index.php\/wp-json\/wp\/v2\/posts"}],"about":[{"href":"https:\/\/cdnoticias.com\/index.php\/wp-json\/wp\/v2\/types\/post"}],"author":[{"embeddable":true,"href":"https:\/\/cdnoticias.com\/index.php\/wp-json\/wp\/v2\/users\/6"}],"replies":[{"embeddable":true,"href":"https:\/\/cdnoticias.com\/index.php\/wp-json\/wp\/v2\/comments?post=62587"}],"version-history":[{"count":0,"href":"https:\/\/cdnoticias.com\/index.php\/wp-json\/wp\/v2\/posts\/62587\/revisions"}],"wp:featuredmedia":[{"embeddable":true,"href":"https:\/\/cdnoticias.com\/index.php\/wp-json\/wp\/v2\/media\/62588"}],"wp:attachment":[{"href":"https:\/\/cdnoticias.com\/index.php\/wp-json\/wp\/v2\/media?parent=62587"}],"wp:term":[{"taxonomy":"category","embeddable":true,"href":"https:\/\/cdnoticias.com\/index.php\/wp-json\/wp\/v2\/categories?post=62587"},{"taxonomy":"post_tag","embeddable":true,"href":"https:\/\/cdnoticias.com\/index.php\/wp-json\/wp\/v2\/tags?post=62587"}],"curies":[{"name":"wp","href":"https:\/\/api.w.org\/{rel}","templated":true}]}}