{"id":62580,"date":"2022-08-17T14:31:54","date_gmt":"2022-08-17T17:31:54","guid":{"rendered":"https:\/\/www.centraldenoticias.com.ar\/?p=62580"},"modified":"2022-08-17T14:31:54","modified_gmt":"2022-08-17T17:31:54","slug":"galli-destaco-la-obra-de-repavimentacion-de-avenida-avellaneda","status":"publish","type":"post","link":"https:\/\/cdnoticias.com\/index.php\/2022\/08\/17\/galli-destaco-la-obra-de-repavimentacion-de-avenida-avellaneda\/","title":{"rendered":"Galli destac\u00f3 la obra de repavimentaci\u00f3n de avenida Avellaneda"},"content":{"rendered":"<p>Se trata de la primera etapa de los trabajos que se realizan en el tramo comprendido entre avenida Eva Per\u00f3n y Calle 157. El intendente recorri\u00f3 la obra y detall\u00f3 las tareas que se realizar\u00e1n.<!--more--><\/p>\n<hr \/>\n<p>El intendente Ezequiel Galli recorri\u00f3 -en la ma\u00f1ana de este mi\u00e9rcoles- la primera etapa de la <strong>obra de repavimentaci\u00f3n de avenida Avellaneda,<\/strong> con una inversi\u00f3n superior a los 90 millones de pesos.<\/p>\n<p>&nbsp;<\/p>\n<p>En la oportunidad, Galli estuvo acompa\u00f1ado por el secretario de Mantenimiento y Obras P\u00fablicas de la Municipalidad Julio Ferraro, quien precis\u00f3 que<strong> la obra presenta un avance de ejecuci\u00f3n del 35%<\/strong>, a poco menos de un mes de haberse iniciado.<\/p>\n<p>&nbsp;<\/p>\n<blockquote><p>Se trata del tramo comprendido entre avenida Eva Per\u00f3n -conocida tambi\u00e9n como Circunvalaci\u00f3n- y Calle 157.<\/p><\/blockquote>\n<p>&nbsp;<\/p>\n<p>Para el intendente Galli \u201ces fundamental avanzar con la obra de repavimentaci\u00f3n de avenida Avellaneda porque nos <strong>permitir\u00e1 un tr\u00e1nsito m\u00e1s seguro para quienes circulan todos los d\u00edas por uno de los accesos m\u00e1s importantes a Olavarr\u00eda<\/strong>, considerando adem\u00e1s la instalaci\u00f3n futura de empresas en el Sector Industrial Planificado\u201d.<\/p>\n<p>&nbsp;<\/p>\n<p>Resaltaron que se trata de una de las obras prioritarias en materia de pavimentaci\u00f3n, teniendo en cuenta que<strong> el camino se encontraba actualmente deteriorado y dificultaba el tr\u00e1nsito en un sector de alt\u00edsima circulaci\u00f3n<\/strong>, que es utilizado diariamente como acceso principal a la ciudad.<\/p>\n<p>&nbsp;<\/p>\n<p><img data-recalc-dims=\"1\" loading=\"lazy\" decoding=\"async\" class=\"aligncenter size-full wp-image-62582\" src=\"https:\/\/i0.wp.com\/cdnoticias.com\/wp-content\/uploads\/2022\/08\/Obras-Re-pavimentacion-Av.-Avellaneda-2-scaled-1.jpg?resize=800%2C535&#038;ssl=1\" alt=\"\" width=\"800\" height=\"535\" srcset=\"https:\/\/i0.wp.com\/cdnoticias.com\/wp-content\/uploads\/2022\/08\/Obras-Re-pavimentacion-Av.-Avellaneda-2-scaled-1.jpg?w=2560&amp;ssl=1 2560w, https:\/\/i0.wp.com\/cdnoticias.com\/wp-content\/uploads\/2022\/08\/Obras-Re-pavimentacion-Av.-Avellaneda-2-scaled-1.jpg?resize=300%2C201&amp;ssl=1 300w, https:\/\/i0.wp.com\/cdnoticias.com\/wp-content\/uploads\/2022\/08\/Obras-Re-pavimentacion-Av.-Avellaneda-2-scaled-1.jpg?resize=1024%2C684&amp;ssl=1 1024w, https:\/\/i0.wp.com\/cdnoticias.com\/wp-content\/uploads\/2022\/08\/Obras-Re-pavimentacion-Av.-Avellaneda-2-scaled-1.jpg?resize=768%2C513&amp;ssl=1 768w, https:\/\/i0.wp.com\/cdnoticias.com\/wp-content\/uploads\/2022\/08\/Obras-Re-pavimentacion-Av.-Avellaneda-2-scaled-1.jpg?resize=1536%2C1027&amp;ssl=1 1536w, https:\/\/i0.wp.com\/cdnoticias.com\/wp-content\/uploads\/2022\/08\/Obras-Re-pavimentacion-Av.-Avellaneda-2-scaled-1.jpg?resize=2048%2C1369&amp;ssl=1 2048w, https:\/\/i0.wp.com\/cdnoticias.com\/wp-content\/uploads\/2022\/08\/Obras-Re-pavimentacion-Av.-Avellaneda-2-scaled-1.jpg?resize=272%2C182&amp;ssl=1 272w, https:\/\/i0.wp.com\/cdnoticias.com\/wp-content\/uploads\/2022\/08\/Obras-Re-pavimentacion-Av.-Avellaneda-2-scaled-1.jpg?w=1600&amp;ssl=1 1600w, https:\/\/i0.wp.com\/cdnoticias.com\/wp-content\/uploads\/2022\/08\/Obras-Re-pavimentacion-Av.-Avellaneda-2-scaled-1.jpg?w=2400&amp;ssl=1 2400w\" sizes=\"auto, (max-width: 800px) 100vw, 800px\" \/><\/p>\n<p>&nbsp;<\/p>\n<p>Cabe agregar que adem\u00e1s de la repavimentaci\u00f3n, la obra contempla adem\u00e1s la<strong> construcci\u00f3n de un sector de bicisendas,<\/strong> que permitir\u00e1 el desarrollo de actividades f\u00edsicas y principalmente el tr\u00e1nsito seguro de ciclistas.<\/p>\n<p>&nbsp;<\/p>\n<p>Recordemos que <strong>la licitaci\u00f3n se llev\u00f3 a cabo el pasado mes de junio y participaron seis empresas<\/strong>, resultando adjudicataria la firma Atak SRL, que cotiz\u00f3 $91.164.100 pesos.<\/p>\n<p>&nbsp;<\/p>\n<p>En cuanto a las especificaciones t\u00e9cnicas se realizar\u00e1 una <strong>carpeta de rodamiento de hormig\u00f3n simple de 0,18 metros de espesor asentada sobre una base de tosca compactada de 0,20 metros de espesor.<\/strong><\/p>\n<p>&nbsp;<\/p>\n<blockquote><p>Esta obra incluye, adem\u00e1s, banquinas de tosca compactada de 3,00 metros de ancho. El nivel definitivo del pavimento terminado ser\u00e1 el que actualmente tiene la avenida. El ancho de la carpeta de rodamiento ser\u00e1 de 7,30 metros.<\/p><\/blockquote>\n<p>&nbsp;<\/p>\n<p>Al respecto, se solicit\u00f3 nuevamente <strong>respetar la se\u00f1alizaci\u00f3n existente y circular con extrema precauci\u00f3n<\/strong> y durante la ejecuci\u00f3n de las tareas, con la finalidad de evitar inconvenientes.<\/p>\n","protected":false},"excerpt":{"rendered":"<p>Se trata de la primera etapa de los trabajos que se realizan en el tramo comprendido entre avenida Eva Per\u00f3n<\/p>\n","protected":false},"author":5,"featured_media":62583,"comment_status":"closed","ping_status":"closed","sticky":false,"template":"","format":"standard","meta":{"_jetpack_memberships_contains_paid_content":false,"footnotes":""},"categories":[5,1],"tags":[],"class_list":["post-62580","post","type-post","status-publish","format-standard","has-post-thumbnail","hentry","category-informacion-general","category-portada"],"jetpack_featured_media_url":"https:\/\/i0.wp.com\/cdnoticias.com\/wp-content\/uploads\/2022\/08\/Obras-Re-pavimentacion-Av.-Avellaneda-3-scaled-1.jpg?fit=2560%2C1711&ssl=1","jetpack_sharing_enabled":true,"_links":{"self":[{"href":"https:\/\/cdnoticias.com\/index.php\/wp-json\/wp\/v2\/posts\/62580","targetHints":{"allow":["GET"]}}],"collection":[{"href":"https:\/\/cdnoticias.com\/index.php\/wp-json\/wp\/v2\/posts"}],"about":[{"href":"https:\/\/cdnoticias.com\/index.php\/wp-json\/wp\/v2\/types\/post"}],"author":[{"embeddable":true,"href":"https:\/\/cdnoticias.com\/index.php\/wp-json\/wp\/v2\/users\/5"}],"replies":[{"embeddable":true,"href":"https:\/\/cdnoticias.com\/index.php\/wp-json\/wp\/v2\/comments?post=62580"}],"version-history":[{"count":0,"href":"https:\/\/cdnoticias.com\/index.php\/wp-json\/wp\/v2\/posts\/62580\/revisions"}],"wp:featuredmedia":[{"embeddable":true,"href":"https:\/\/cdnoticias.com\/index.php\/wp-json\/wp\/v2\/media\/62583"}],"wp:attachment":[{"href":"https:\/\/cdnoticias.com\/index.php\/wp-json\/wp\/v2\/media?parent=62580"}],"wp:term":[{"taxonomy":"category","embeddable":true,"href":"https:\/\/cdnoticias.com\/index.php\/wp-json\/wp\/v2\/categories?post=62580"},{"taxonomy":"post_tag","embeddable":true,"href":"https:\/\/cdnoticias.com\/index.php\/wp-json\/wp\/v2\/tags?post=62580"}],"curies":[{"name":"wp","href":"https:\/\/api.w.org\/{rel}","templated":true}]}}