{"id":62554,"date":"2022-08-17T08:24:00","date_gmt":"2022-08-17T11:24:00","guid":{"rendered":"https:\/\/www.centraldenoticias.com.ar\/?p=62554"},"modified":"2022-08-17T12:07:19","modified_gmt":"2022-08-17T15:07:19","slug":"cese-de-actividades-en-bancos-la-medida-no-afecta-a-olavarria","status":"publish","type":"post","link":"https:\/\/cdnoticias.com\/index.php\/2022\/08\/17\/cese-de-actividades-en-bancos-la-medida-no-afecta-a-olavarria\/","title":{"rendered":"Cese de actividades en Bancos: la medida no afecta a Olavarr\u00eda"},"content":{"rendered":"<p>Desde las 11 de este mi\u00e9rcoles el personal de entidades bancarias de CABA se movilizar\u00e1 junto con la CGT al Congreso. El titular de La Bancaria, regional Azul, aclar\u00f3 que la iniciativa no tendr\u00e1 r\u00e9plica en nuestra ciudad.<!--more--><\/p>\n<hr \/>\n<p>Desde las 11 de este mi\u00e9rcoles los bancarios denunciar\u00e1n con la CGT\u00a0 \u201ca las corporaciones econ\u00f3micas-financieras\u201d. A trav\u00e9s de un comunicado, informaron el <strong>cese de tareas para sumarse a la movilizaci\u00f3n al Congreso.<\/strong><\/p>\n<p>&nbsp;<\/p>\n<p>\u201cLa intolerable acci\u00f3n de las corporaciones econ\u00f3mico-financieras que atentan contra los derechos alimentarios de millones de argentinos y <strong>el proceso de reactivaci\u00f3n de la econom\u00eda productiva\u201d<\/strong>, indicaron en el documento que lleva la firma del titular nacional de la Asociaci\u00f3n Bancaria (AB), Sergio Palazzo, y del secretario de Prensa del gremio, Claudio Bustelo.<\/p>\n<p>&nbsp;<\/p>\n<p><strong>En Olavarr\u00eda la medida no tendr\u00e1 su r\u00e9plica.<\/strong> El secretario General de la secci\u00f3n Azul, <strong>Jos\u00e9 Luis Iturralde<\/strong> se\u00f1al\u00f3 a <em>Central de Noticias<\/em> que \u201cla restricci\u00f3n de las 11:00 es para CABA, para que salgan los delegados de los bancos de Capital Federal para componer la manifestaci\u00f3n de la CGT rumbo al Congreso\u201d.<\/p>\n<p>&nbsp;<\/p>\n<p><strong>\u201cSolamente afecta a la ciudad de Buenos Aires\u201d<\/strong>, resalt\u00f3.<\/p>\n","protected":false},"excerpt":{"rendered":"<p>Desde las 11 de este mi\u00e9rcoles el personal de entidades bancarias de CABA se movilizar\u00e1 junto con la CGT al<\/p>\n","protected":false},"author":5,"featured_media":2332,"comment_status":"closed","ping_status":"closed","sticky":false,"template":"","format":"standard","meta":{"_jetpack_memberships_contains_paid_content":false,"footnotes":""},"categories":[5,1],"tags":[],"class_list":["post-62554","post","type-post","status-publish","format-standard","has-post-thumbnail","hentry","category-informacion-general","category-portada"],"jetpack_featured_media_url":"https:\/\/i0.wp.com\/cdnoticias.com\/wp-content\/uploads\/2020\/09\/WhatsApp-Image-2020-09-24-at-11.22.49.jpeg?fit=1032%2C774&ssl=1","jetpack_sharing_enabled":true,"_links":{"self":[{"href":"https:\/\/cdnoticias.com\/index.php\/wp-json\/wp\/v2\/posts\/62554","targetHints":{"allow":["GET"]}}],"collection":[{"href":"https:\/\/cdnoticias.com\/index.php\/wp-json\/wp\/v2\/posts"}],"about":[{"href":"https:\/\/cdnoticias.com\/index.php\/wp-json\/wp\/v2\/types\/post"}],"author":[{"embeddable":true,"href":"https:\/\/cdnoticias.com\/index.php\/wp-json\/wp\/v2\/users\/5"}],"replies":[{"embeddable":true,"href":"https:\/\/cdnoticias.com\/index.php\/wp-json\/wp\/v2\/comments?post=62554"}],"version-history":[{"count":0,"href":"https:\/\/cdnoticias.com\/index.php\/wp-json\/wp\/v2\/posts\/62554\/revisions"}],"wp:featuredmedia":[{"embeddable":true,"href":"https:\/\/cdnoticias.com\/index.php\/wp-json\/wp\/v2\/media\/2332"}],"wp:attachment":[{"href":"https:\/\/cdnoticias.com\/index.php\/wp-json\/wp\/v2\/media?parent=62554"}],"wp:term":[{"taxonomy":"category","embeddable":true,"href":"https:\/\/cdnoticias.com\/index.php\/wp-json\/wp\/v2\/categories?post=62554"},{"taxonomy":"post_tag","embeddable":true,"href":"https:\/\/cdnoticias.com\/index.php\/wp-json\/wp\/v2\/tags?post=62554"}],"curies":[{"name":"wp","href":"https:\/\/api.w.org\/{rel}","templated":true}]}}