{"id":62552,"date":"2022-08-17T18:10:08","date_gmt":"2022-08-17T21:10:08","guid":{"rendered":"https:\/\/www.centraldenoticias.com.ar\/?p=62552"},"modified":"2022-08-17T18:10:08","modified_gmt":"2022-08-17T21:10:08","slug":"coronavirus-murieron-el-doble-de-personas-no-vacunadas-o-con-esquema-incompleto","status":"publish","type":"post","link":"https:\/\/cdnoticias.com\/index.php\/2022\/08\/17\/coronavirus-murieron-el-doble-de-personas-no-vacunadas-o-con-esquema-incompleto\/","title":{"rendered":"Coronavirus: murieron el doble de personas no vacunadas o con esquema incompleto"},"content":{"rendered":"<p>Es el resultado de un estudio realizado en dos hospitales bonaerenses, en base a informaci\u00f3n relevada durante la tercera ola de la pandemia. Fueron analizados 245 pacientes mayores de 18 a\u00f1os que estaban internados.<!--more--><\/p>\n<hr \/>\n<p><strong>La cantidad de personas no vacunadas o con vacunaci\u00f3n incompleta que murieron por Covid-19 en dos hospitales del conurbano bonaerense<\/strong> durante la tercera ola de coronavirus casi <strong>duplic\u00f3 el n\u00famero de fallecimientos reportado entre los pacientes con el esquema completo<\/strong>, es decir con dos dosis o m\u00e1s. Estos resultados corresponden a <strong>un estudio realizado por m\u00e9dicos de los hospitales Posadas e Interzonal General de Agudos Eva Per\u00f3n<\/strong>, en base a informaci\u00f3n relevada durante la tercera ola de la pandemia de coronavirus.<\/p>\n<p>&nbsp;<\/p>\n<p>El estudio analiz\u00f3<strong> la evoluci\u00f3n de 245 pacientes mayores de 18 a\u00f1os que se encontraban internados<\/strong> en sala general y en Unidad de Cuidados Intensivos (UCI) con diagn\u00f3stico de enfermedad por Covid-19 en ambos centros asistenciales<strong> entre el 17 de diciembre de 2021 y el 23 de febrero de 2022<\/strong>, de los cuales el <strong>24,3% (62 personas) fallecieron<\/strong>.<\/p>\n<p>&nbsp;<\/p>\n<p>La muestra comprendi\u00f3 tanto a aquellos cuya causa de internaci\u00f3n fue el coronavirus como a los internados por otro motivo que presentaron s\u00edntomas durante la internaci\u00f3n y cuyo resultado de hisopado fue positivo; y el seguimiento se prolong\u00f3 hasta el alta m\u00e9dica o la muerte.<\/p>\n<p>&nbsp;<\/p>\n<p>La <strong>reducci\u00f3n del riesgo absoluto de muerte<\/strong> para vacunados fue del 15,1% para la totalidad de la muestra y del 15,8% para los pacientes con neumon\u00eda, \u201cdenotando no solamente la importancia de presentar un esquema primario de vacunaci\u00f3n con respectivos refuerzos, sino de encontrarse dentro de los plazos sugeridos por las diferentes recomendaciones de las organizaciones de salud\u201d, expres\u00f3 el estudio.<\/p>\n<p>&nbsp;<\/p>\n<p>La investigaci\u00f3n, que parti\u00f3 del trabajo presentado por el residente de Cl\u00ednica M\u00e9dica del Posadas Cristian Marino para aprobar una instancia evaluativa en su formaci\u00f3n, tambi\u00e9n muestra <strong>c\u00f3mo una complicaci\u00f3n como la neumon\u00eda aumenta la letalidad del cuadro<\/strong> para los dos grupos: la mortalidad fue del 22.2% entre aquellos con vacunaci\u00f3n completa y 38% con vacunaci\u00f3n incompleta.<\/p>\n<p>&nbsp;<\/p>\n<p><strong>La mortalidad tambi\u00e9n se incrementa con la edad<\/strong> -la mediana de los fallecidos fue de 61,5 a\u00f1os -, es m\u00e1s frecuente entre las mujeres (54,8% de los que murieron son de g\u00e9nero femenino) y entre los pacientes oncol\u00f3gicos (27,4% de los que fallecieron ten\u00edan c\u00e1ncer) o con diabetes (del total de internados con diabetes, falleci\u00f3 el 27,3% de los que no hab\u00edan completado su vacunaci\u00f3n y el 7% de los que s\u00ed la hab\u00edan hecho).<\/p>\n<p>&nbsp;<\/p>\n<p>Seg\u00fan el \u00faltimo Bolet\u00edn Epidemiol\u00f3gico Nacional,<strong> el 93,1% de los fallecidos en 2022 ten\u00edan 50 a\u00f1os o m\u00e1s.<\/strong><\/p>\n<p>&nbsp;<\/p>\n<p>El bolet\u00edn consigna que el <strong>82,3% de la poblaci\u00f3n argentina recibi\u00f3 al menos dos dosis<\/strong> de la vacuna contra la Covid-19.<\/p>\n<p>&nbsp;<\/p>\n<p><strong>La tasa espec\u00edfica de mortalidad por coronavirus a nivel nacional esta fue 3,7 fallecidos por cada mill\u00f3n de habitantes<\/strong> considerando el per\u00edodo comprendido en las \u00faltimas 4 semanas epidemiol\u00f3gicas, informa el Bolet\u00edn del Ministerio de Salud.<\/p>\n<p>&nbsp;<\/p>\n<p>Fuente: <em>Agencia DIB<\/em><\/p>\n","protected":false},"excerpt":{"rendered":"<p>Es el resultado de un estudio realizado en dos hospitales bonaerenses, en base a informaci\u00f3n relevada durante la tercera ola<\/p>\n","protected":false},"author":4,"featured_media":44435,"comment_status":"closed","ping_status":"closed","sticky":false,"template":"","format":"standard","meta":{"_jetpack_memberships_contains_paid_content":false,"footnotes":""},"categories":[16,1],"tags":[],"class_list":["post-62552","post","type-post","status-publish","format-standard","has-post-thumbnail","hentry","category-covid-19","category-portada"],"jetpack_featured_media_url":"https:\/\/i0.wp.com\/cdnoticias.com\/wp-content\/uploads\/2022\/01\/DIB-vacunacion-693x420-1.jpg?fit=693%2C420&ssl=1","jetpack_sharing_enabled":true,"_links":{"self":[{"href":"https:\/\/cdnoticias.com\/index.php\/wp-json\/wp\/v2\/posts\/62552","targetHints":{"allow":["GET"]}}],"collection":[{"href":"https:\/\/cdnoticias.com\/index.php\/wp-json\/wp\/v2\/posts"}],"about":[{"href":"https:\/\/cdnoticias.com\/index.php\/wp-json\/wp\/v2\/types\/post"}],"author":[{"embeddable":true,"href":"https:\/\/cdnoticias.com\/index.php\/wp-json\/wp\/v2\/users\/4"}],"replies":[{"embeddable":true,"href":"https:\/\/cdnoticias.com\/index.php\/wp-json\/wp\/v2\/comments?post=62552"}],"version-history":[{"count":0,"href":"https:\/\/cdnoticias.com\/index.php\/wp-json\/wp\/v2\/posts\/62552\/revisions"}],"wp:featuredmedia":[{"embeddable":true,"href":"https:\/\/cdnoticias.com\/index.php\/wp-json\/wp\/v2\/media\/44435"}],"wp:attachment":[{"href":"https:\/\/cdnoticias.com\/index.php\/wp-json\/wp\/v2\/media?parent=62552"}],"wp:term":[{"taxonomy":"category","embeddable":true,"href":"https:\/\/cdnoticias.com\/index.php\/wp-json\/wp\/v2\/categories?post=62552"},{"taxonomy":"post_tag","embeddable":true,"href":"https:\/\/cdnoticias.com\/index.php\/wp-json\/wp\/v2\/tags?post=62552"}],"curies":[{"name":"wp","href":"https:\/\/api.w.org\/{rel}","templated":true}]}}