{"id":62518,"date":"2022-08-16T19:51:11","date_gmt":"2022-08-16T22:51:11","guid":{"rendered":"https:\/\/www.centraldenoticias.com.ar\/?p=62518"},"modified":"2022-08-17T07:50:29","modified_gmt":"2022-08-17T10:50:29","slug":"wesner-se-reunio-con-funcionarios-del-sistema-de-salud-por-el-complemento-de-la-auh","status":"publish","type":"post","link":"https:\/\/cdnoticias.com\/index.php\/2022\/08\/16\/wesner-se-reunio-con-funcionarios-del-sistema-de-salud-por-el-complemento-de-la-auh\/","title":{"rendered":"Wesner se reuni\u00f3 con funcionarios del sistema de salud por el complemento de la AUH"},"content":{"rendered":"<p>El motivo de la reuni\u00f3n fue para coordinar actividades para garantizar un mayor acceso a los controles de salud y fomentar que se completen los calendarios de vacunaci\u00f3n. Se mostr\u00f3 con Ramiro Borzi y Germ\u00e1n Caputo. <!--more--><\/p>\n<hr \/>\n<p>&nbsp;<\/p>\n<p>El titular de ANSES local, <strong>Maximiliano Wesner, <\/strong>el Director Regional de ANSES, <strong>Bernab\u00e9 Leinenn\u00a0<\/strong> y coordinadores regionales del organismo mantuvieron un encuentro junto al <strong>Dr. Germ\u00e1n Caputo,<\/strong> secretario de Salud municipal, y el Lic. <strong>Ramiro Borzi,<\/strong> Director de Regi\u00f3n Sanitaria IX.<\/p>\n<p>&nbsp;<\/p>\n<p>El motivo de la reuni\u00f3n fue para coordinar actividades para <strong>garantizar un mayor acceso a los controles de salud y fomentar que se completen los calendarios de vacunaci\u00f3n,<\/strong> lo que les permitir\u00e1 a los titulares de la <strong>Asignaci\u00f3n Universal por Hijo<\/strong> que puedan <strong>cobrar un complemento<\/strong> acreditando formalmente los estudios realizados.<\/p>\n<p>&nbsp;<\/p>\n<p>Con el objetivo de asegurar los controles de salud, vacunaci\u00f3n y educaci\u00f3n de las ni\u00f1as, ni\u00f1os y adolescentes titulares de la Asignaci\u00f3n Universal por Hija\/o,<strong> las familias tienen que presentar en ANSES el formulario de libreta completo todos los a\u00f1os<\/strong>. La presentaci\u00f3n de la libreta permite, adem\u00e1s<strong>, cobrar el 20% del complemento<\/strong> acumulado durante el a\u00f1o anterior.<\/p>\n<p>&nbsp;<\/p>\n<p>Por su parte el Wesner destac\u00f3 que &#8220;<strong>fue una reuni\u00f3n muy productiva, la idea es generar una agenda conjunta para que tenga mayor difusi\u00f3n la promoci\u00f3n de los controles de salud y su importancia.<\/strong> Es una forma de garantizar el acceso a la salud, si bien la asistencia escolar podemos corroborarlo por sistema, en el caso de los chequeos m\u00e9dicos no\u201d.<\/p>\n<p>&nbsp;<\/p>\n<p>&#8220;Este es el mecanismo que desde el Estado Nacional se implement\u00f3 para verificar la asistencia escolar, el cumplimiento del calendario obligatorio de vacunaci\u00f3n y los controles de salud de las chicas y chicos que reciben la asignaci\u00f3n&#8221; se indic\u00f3.<\/p>\n","protected":false},"excerpt":{"rendered":"<p>El motivo de la reuni\u00f3n fue para coordinar actividades para garantizar un mayor acceso a los controles de salud y<\/p>\n","protected":false},"author":6,"featured_media":62519,"comment_status":"closed","ping_status":"closed","sticky":false,"template":"","format":"standard","meta":{"_jetpack_memberships_contains_paid_content":false,"footnotes":""},"categories":[4,1],"tags":[],"class_list":["post-62518","post","type-post","status-publish","format-standard","has-post-thumbnail","hentry","category-politica","category-portada"],"jetpack_featured_media_url":"https:\/\/i0.wp.com\/cdnoticias.com\/wp-content\/uploads\/2022\/08\/WhatsApp-Image-2022-08-16-at-6.21.40-PM.jpeg?fit=1600%2C1200&ssl=1","jetpack_sharing_enabled":true,"_links":{"self":[{"href":"https:\/\/cdnoticias.com\/index.php\/wp-json\/wp\/v2\/posts\/62518","targetHints":{"allow":["GET"]}}],"collection":[{"href":"https:\/\/cdnoticias.com\/index.php\/wp-json\/wp\/v2\/posts"}],"about":[{"href":"https:\/\/cdnoticias.com\/index.php\/wp-json\/wp\/v2\/types\/post"}],"author":[{"embeddable":true,"href":"https:\/\/cdnoticias.com\/index.php\/wp-json\/wp\/v2\/users\/6"}],"replies":[{"embeddable":true,"href":"https:\/\/cdnoticias.com\/index.php\/wp-json\/wp\/v2\/comments?post=62518"}],"version-history":[{"count":0,"href":"https:\/\/cdnoticias.com\/index.php\/wp-json\/wp\/v2\/posts\/62518\/revisions"}],"wp:featuredmedia":[{"embeddable":true,"href":"https:\/\/cdnoticias.com\/index.php\/wp-json\/wp\/v2\/media\/62519"}],"wp:attachment":[{"href":"https:\/\/cdnoticias.com\/index.php\/wp-json\/wp\/v2\/media?parent=62518"}],"wp:term":[{"taxonomy":"category","embeddable":true,"href":"https:\/\/cdnoticias.com\/index.php\/wp-json\/wp\/v2\/categories?post=62518"},{"taxonomy":"post_tag","embeddable":true,"href":"https:\/\/cdnoticias.com\/index.php\/wp-json\/wp\/v2\/tags?post=62518"}],"curies":[{"name":"wp","href":"https:\/\/api.w.org\/{rel}","templated":true}]}}