{"id":62515,"date":"2022-08-22T08:09:09","date_gmt":"2022-08-22T11:09:09","guid":{"rendered":"https:\/\/www.centraldenoticias.com.ar\/?p=62515"},"modified":"2022-08-22T08:09:09","modified_gmt":"2022-08-22T11:09:09","slug":"taller-de-arte-y-feminismo-en-el-museo-damaso-arce","status":"publish","type":"post","link":"https:\/\/cdnoticias.com\/index.php\/2022\/08\/22\/taller-de-arte-y-feminismo-en-el-museo-damaso-arce\/","title":{"rendered":"Taller de arte y feminismo en el Museo D\u00e1maso Arce"},"content":{"rendered":"<p>Ser\u00e1 el s\u00e1bado 27 de agosto. El taller es gratuito y requiere inscripci\u00f3n previa. Cupos limitados. <!--more--><\/p>\n<hr \/>\n<p>&nbsp;<\/p>\n<p>El <strong>Museo Municipal \u201cD\u00e1maso Arce\u201d<\/strong> invita a participar de una nueva propuesta que conjuga <strong>el arte con el feminismo,<\/strong> que se desarrollar\u00e1 bajo la modalidad taller el<strong> d\u00eda s\u00e1bado 27 de agosto, de 14:00 a 16:00.<\/strong><\/p>\n<p>&nbsp;<\/p>\n<p>El <strong>objetivo del taller es realizar un repaso hist\u00f3rico de lo que representa la violencia en las artes visuales hacia la mujer<\/strong> y <strong>visibilizar los\u00a0 diferentes tipos de violencia ejercida dentro de la historia del arte<\/strong>, tratando siempre que el arte sea una herramienta de autocuidado y un medio de denuncia.<\/p>\n<p>&nbsp;<\/p>\n<p>La jornada se llevar\u00e1 a cabo en el aula taller del Museo \u201cD\u00e1maso Arce\u201d y ser\u00e1 dictado por las profesoras Renata Ledesma, Luc\u00eda Rodr\u00edguez y Fernanda Gallardo.<\/p>\n<p>&nbsp;<\/p>\n<p>El<strong> taller es gratuito <\/strong>aunque requiere inscripci\u00f3n previa.<strong> Los cupos son limitados<\/strong>. Para m\u00e1s informaci\u00f3n pueden comunicarse al n\u00famero<strong> 2284-505744.<\/strong><\/p>\n<p>&nbsp;<\/p>\n","protected":false},"excerpt":{"rendered":"<p>Ser\u00e1 el s\u00e1bado 27 de agosto. El taller es gratuito y requiere inscripci\u00f3n previa. Cupos limitados.<\/p>\n","protected":false},"author":6,"featured_media":50370,"comment_status":"closed","ping_status":"closed","sticky":false,"template":"","format":"standard","meta":{"_jetpack_memberships_contains_paid_content":false,"footnotes":""},"categories":[9,1],"tags":[],"class_list":["post-62515","post","type-post","status-publish","format-standard","has-post-thumbnail","hentry","category-cultura","category-portada"],"jetpack_featured_media_url":"https:\/\/i0.wp.com\/cdnoticias.com\/wp-content\/uploads\/2022\/03\/Museo-Damaso-Arce-Drone.jpg?fit=800%2C445&ssl=1","jetpack_sharing_enabled":true,"_links":{"self":[{"href":"https:\/\/cdnoticias.com\/index.php\/wp-json\/wp\/v2\/posts\/62515","targetHints":{"allow":["GET"]}}],"collection":[{"href":"https:\/\/cdnoticias.com\/index.php\/wp-json\/wp\/v2\/posts"}],"about":[{"href":"https:\/\/cdnoticias.com\/index.php\/wp-json\/wp\/v2\/types\/post"}],"author":[{"embeddable":true,"href":"https:\/\/cdnoticias.com\/index.php\/wp-json\/wp\/v2\/users\/6"}],"replies":[{"embeddable":true,"href":"https:\/\/cdnoticias.com\/index.php\/wp-json\/wp\/v2\/comments?post=62515"}],"version-history":[{"count":0,"href":"https:\/\/cdnoticias.com\/index.php\/wp-json\/wp\/v2\/posts\/62515\/revisions"}],"wp:featuredmedia":[{"embeddable":true,"href":"https:\/\/cdnoticias.com\/index.php\/wp-json\/wp\/v2\/media\/50370"}],"wp:attachment":[{"href":"https:\/\/cdnoticias.com\/index.php\/wp-json\/wp\/v2\/media?parent=62515"}],"wp:term":[{"taxonomy":"category","embeddable":true,"href":"https:\/\/cdnoticias.com\/index.php\/wp-json\/wp\/v2\/categories?post=62515"},{"taxonomy":"post_tag","embeddable":true,"href":"https:\/\/cdnoticias.com\/index.php\/wp-json\/wp\/v2\/tags?post=62515"}],"curies":[{"name":"wp","href":"https:\/\/api.w.org\/{rel}","templated":true}]}}