{"id":62495,"date":"2022-08-16T18:00:08","date_gmt":"2022-08-16T21:00:08","guid":{"rendered":"https:\/\/www.centraldenoticias.com.ar\/?p=62495"},"modified":"2022-08-16T18:00:08","modified_gmt":"2022-08-16T21:00:08","slug":"belen-vergel-mantuvo-un-encuentro-con-ex-combatientes-de-malvinas","status":"publish","type":"post","link":"https:\/\/cdnoticias.com\/index.php\/2022\/08\/16\/belen-vergel-mantuvo-un-encuentro-con-ex-combatientes-de-malvinas\/","title":{"rendered":"Bel\u00e9n Vergel mantuvo un encuentro con ex combatientes de Malvinas"},"content":{"rendered":"<p>Durante la reuni\u00f3n, se plante\u00f3 la necesidad de que se lleven a cabo tareas de mantenimiento en los diferentes monumentos que reconocen a quienes dieron la vida en las islas.<!--more--><\/p>\n<hr \/>\n<p>&nbsp;<\/p>\n<p>La concejal de la Uni\u00f3n C\u00edvica Radical, <strong>Bel\u00e9n Vergel,<\/strong> <strong>mantuvo un encuentro<\/strong> con Ricardo Moreno, Jos\u00e9 Mar\u00eda Trinch\u00edn y Jos\u00e9 Duhau,<strong> ex combatientes de la Guerra de Malvinas<\/strong> de la ciudad, quienes plantearon la <strong>necesidad de que se realicen trabajos de mantenimiento en los monumentos<\/strong> que reconocen y homenajean a quienes dieron la vida en las islas.<\/p>\n<p>&nbsp;<\/p>\n<p>Entre las diferentes preocupaciones que manifestaron, se encuentran la <strong>falta de iluminaci\u00f3n y roturas en los artefactos<\/strong> que se encuentran instalados.<\/p>\n<p>&nbsp;<\/p>\n<p>La edil expres\u00f3 que &#8220;<strong>necesitamos volver a ponerlos en valor y darle la relevancia que se merece, como as\u00ed tambi\u00e9n revalorizar el reconocimiento a nuestros h\u00e9roes&#8221;.<\/strong><\/p>\n<p>&nbsp;<\/p>\n<p>Por \u00faltimo, Vergel remarc\u00f3 que &#8220;es parte de nuestro trabajo escuchar y estar cerca de las instituciones&#8221;.<\/p>\n","protected":false},"excerpt":{"rendered":"<p>Durante la reuni\u00f3n, se plante\u00f3 la necesidad de que se lleven a cabo tareas de mantenimiento en los diferentes monumentos<\/p>\n","protected":false},"author":6,"featured_media":62496,"comment_status":"closed","ping_status":"closed","sticky":false,"template":"","format":"standard","meta":{"_jetpack_memberships_contains_paid_content":false,"footnotes":""},"categories":[4,1],"tags":[],"class_list":["post-62495","post","type-post","status-publish","format-standard","has-post-thumbnail","hentry","category-politica","category-portada"],"jetpack_featured_media_url":"https:\/\/i0.wp.com\/cdnoticias.com\/wp-content\/uploads\/2022\/08\/IMG-20220811-WA0054.jpg?fit=1600%2C1200&ssl=1","jetpack_sharing_enabled":true,"_links":{"self":[{"href":"https:\/\/cdnoticias.com\/index.php\/wp-json\/wp\/v2\/posts\/62495","targetHints":{"allow":["GET"]}}],"collection":[{"href":"https:\/\/cdnoticias.com\/index.php\/wp-json\/wp\/v2\/posts"}],"about":[{"href":"https:\/\/cdnoticias.com\/index.php\/wp-json\/wp\/v2\/types\/post"}],"author":[{"embeddable":true,"href":"https:\/\/cdnoticias.com\/index.php\/wp-json\/wp\/v2\/users\/6"}],"replies":[{"embeddable":true,"href":"https:\/\/cdnoticias.com\/index.php\/wp-json\/wp\/v2\/comments?post=62495"}],"version-history":[{"count":0,"href":"https:\/\/cdnoticias.com\/index.php\/wp-json\/wp\/v2\/posts\/62495\/revisions"}],"wp:featuredmedia":[{"embeddable":true,"href":"https:\/\/cdnoticias.com\/index.php\/wp-json\/wp\/v2\/media\/62496"}],"wp:attachment":[{"href":"https:\/\/cdnoticias.com\/index.php\/wp-json\/wp\/v2\/media?parent=62495"}],"wp:term":[{"taxonomy":"category","embeddable":true,"href":"https:\/\/cdnoticias.com\/index.php\/wp-json\/wp\/v2\/categories?post=62495"},{"taxonomy":"post_tag","embeddable":true,"href":"https:\/\/cdnoticias.com\/index.php\/wp-json\/wp\/v2\/tags?post=62495"}],"curies":[{"name":"wp","href":"https:\/\/api.w.org\/{rel}","templated":true}]}}