{"id":62492,"date":"2022-08-16T17:30:16","date_gmt":"2022-08-16T20:30:16","guid":{"rendered":"https:\/\/www.centraldenoticias.com.ar\/?p=62492"},"modified":"2022-08-16T18:10:15","modified_gmt":"2022-08-16T21:10:15","slug":"como-sera-la-segmentacion-de-tarifas-en-esta-primera-etapa","status":"publish","type":"post","link":"https:\/\/cdnoticias.com\/index.php\/2022\/08\/16\/como-sera-la-segmentacion-de-tarifas-en-esta-primera-etapa\/","title":{"rendered":"C\u00f3mo ser\u00e1 la segmentaci\u00f3n de tarifas en esta primera etapa"},"content":{"rendered":"<p>\u201cEstamos pensando en precios justos y responsables\u201d, dijo la secretaria de Energ\u00eda, Flavia Roy\u00f3n. Destac\u00f3 que, pese a la crisis energ\u00e9tica, \u201cla Argentina no tuvo que tomar medidas dr\u00e1sticas como en Europa\u201d.<!--more--><\/p>\n<hr \/>\n<p>&nbsp;<\/p>\n<p>La<strong> secretaria de Energ\u00eda, Flavia Roy\u00f3n<\/strong>, dio detalles este martes sobre el <strong>aumento de tarifas de gas y electricidad y los topes de consumo<\/strong>, tal como hab\u00eda anunciado el ministro de Econom\u00eda, Sergio Massa. Dijo que \u201c<strong>hay que instalar el uso racional de energ\u00eda\u201d<\/strong> y destac\u00f3 que \u201cla segmentaci\u00f3n ha sido pensada con un criterio de justicia social, para que el subsidio llegue a quienes m\u00e1s lo necesitan\u201d.<\/p>\n<p>&nbsp;<\/p>\n<p>\u201cEs una pol\u00edtica distributiva con sentido social. Hoy el 50% de la poblaci\u00f3n de mayores ingresos, recibe el 60% de los subsidios\u201d, justific\u00f3 la funcionaria en conferencia de prensa. En ese sentido, dijo que unos 4 millones de hogares no pidieron conservar el subsidio de energ\u00eda el\u00e9ctrica y 3,5 millones el de gas a trav\u00e9s del formulario \u2013que aclar\u00f3 contin\u00faa abierto\u2013, pero afirm\u00f3 que el Estado trabajar\u00e1 en identificar a quienes no pudieron hacerlo, pero verdaderamente lo necesitan.<\/p>\n<p>&nbsp;<\/p>\n<p><strong>\u201cQueremos agradecer a los 4 millones de argentinos que no pidieron conservar el subsidio, pero estamos tratando de identificar a quienes no pudieron completar el formulario y verdaderamente lo necesitan\u201d,<\/strong> dijo la funcionaria, quien estuvo acompa\u00f1ada por el subsecretario de Hidrocarburos, Federico Bernal, por el subsecretario de Energ\u00eda El\u00e9ctrica, Santiago Yanotti y por la titular de Aysa, Malena Galmarini.<\/p>\n<p>&nbsp;<\/p>\n<p>\u201cEsta es la primera etapa. <strong>Se van a poner l\u00edmites de consumo en energ\u00eda el\u00e9ctrica y gas.<\/strong> Vamos a trabajar a lo largo de los meses en medidas e iniciativas que acompa\u00f1en a la poblaci\u00f3n\u201d, ampli\u00f3 Roy\u00f3n.<\/p>\n<p>&nbsp;<\/p>\n<p>En ese sentido, indic\u00f3: \u201cEsta segmentaci\u00f3n est\u00e1 pensada no solo desde el ahorro fiscal, sino tambi\u00e9n desde <strong>instalar la educaci\u00f3n del uso racional y sustentable del recurso<\/strong> por lo que queda para nuestros hijos\u201d.<\/p>\n<p>&nbsp;<\/p>\n<p>Roy\u00f3n record\u00f3 que <strong>se fijar\u00e1 un tope m\u00e1ximo de consumo para el gas y la energ\u00eda el\u00e9ctrica,<\/strong> y aclar\u00f3 c\u00f3mo se aplicar\u00e1 la tarifa completa en caso de superar estos montos. \u201cNo es que si uno se pasa, pierde todo. Sino que, en raz\u00f3n a la progresividad sobre el incremental al tope, se va a hacer la quita del subsidio. El tope de energ\u00eda el\u00e9ctrica es de 400 kWh, cuando uno consume 450 no es que pierde (el subsidio) sobre los 450, sino sobre los 50 incrementales\u201d, aclar\u00f3.<\/p>\n<p>&nbsp;<\/p>\n<p>Adem\u00e1s, habl\u00f3 de la <strong>crisis energ\u00e9tica a nivel mundial<\/strong> y detall\u00f3 que<strong> \u201cla Argentina no es ajena a esta realidad\u201d.<\/strong> En ese sentido, se\u00f1al\u00f3 que <strong>\u201cEuropa est\u00e1 en un racionamiento energ\u00e9tico<\/strong>\u201d, y que all\u00ed \u201chay aumento de precios entre cuatro y diez veces. Este cambio golpea a nuestro pa\u00eds, que no es ajeno\u201d.<\/p>\n<p>&nbsp;<\/p>\n<p>Remarc\u00f3 que en la Argentina \u201cno hubo restricciones en este invierno a la industria\u201d, que \u201cno falt\u00f3 el gas\u201d y que se tomaron \u201cdecisiones estrat\u00e9gicas\u201d en ese sentido, dentro de las que mencion\u00f3 la licitaci\u00f3n del gasoducto N\u00e9stor Kirchner. \u201cEste complejo tiene la posibilidad de garantizar el autoabastecimiento y exportar energ\u00eda\u201d, dijo sobre la obra.<\/p>\n<p>&nbsp;<\/p>\n<p>Por el registro de usuarios que pidieron mantener los subsidios, el <strong>Gobierno pudo identificar tres categor\u00edas<\/strong> por niveles de ingreso:<\/p>\n<p>&nbsp;<\/p>\n<p><strong>Nivel 1:<\/strong> usuarios de mayores ingresos y gente que no solicit\u00f3 su registraci\u00f3n con unos 269.000 hogares.<\/p>\n<p><strong>Nivel 2:<\/strong> usuarios de menores ingresos registrados (provisoriamente se incluir\u00e1n beneficiarios de la tarifa social) con m\u00e1s de 2,8 millones de hogares.<\/p>\n<p><strong>Nivel 3:<\/strong> de clase media, con 2,6 millones de hogares.<\/p>\n<p>&nbsp;<\/p>\n<p>Respecto a la <strong>energ\u00eda el\u00e9ctrica<\/strong>, el ministro de Econom\u00eda, <strong>Sergio Massa,<\/strong> ya hab\u00eda hablado del tope de consumo para la tarifa con subsidios ser\u00e1 de 400 kWh mensual por hogar. En tanto este martes se conoci\u00f3 que para las localidades que no cuenten con gas natural por red el tope se incrementar\u00e1 a 550 kWh.<\/p>\n<p>&nbsp;<\/p>\n<p>En relaci\u00f3n al gas \u2013el esquema m\u00e1s complejo por la segmentaci\u00f3n previamente existente de acuerdo las subzonas fr\u00edas\u2013, los topes ser\u00e1n diferentes para cada una de las 8 categor\u00edas de consumo y para cada distribuidora.<strong> Los hogares de mayor consumo no tendr\u00e1n ning\u00fan subsidio desde el pr\u00f3ximo mes de diciembre.<\/strong><\/p>\n<p>&nbsp;<\/p>\n<p>Seg\u00fan los niveles ya descriptos, esta ser\u00e1 la implementaci\u00f3n:<\/p>\n<p>&nbsp;<\/p>\n<p><strong>Nivel 1:<\/strong> se aplicar\u00e1 quita total del subsidio para todo el consumo, en tramos hasta diciembre.<\/p>\n<p><strong>Nivel 2<\/strong>: sigue la tarifa vigente hasta el momento.<\/p>\n<p><strong>Nivel 3:<\/strong> se trata del sector de ingresos medios, se subsidia un volumen equivalente al 70% del promedio de los umbrales m\u00ednimo y m\u00e1ximo de cada categor\u00eda y subzona. El excedente a esos topes \u2014que var\u00edan seg\u00fan la zona del pa\u00eds\u2014 no va a tener subsidio.<\/p>\n<p>&nbsp;<\/p>\n<p>Los <strong>aumentos para los Niveles 1 y 3 se aplicar\u00e1n gradualmente<\/strong> en tres bimestres (a partir de los consumos del 31 de agosto, octubre y diciembre), explicaron.<\/p>\n<p>&nbsp;<\/p>\n<p>Asimismo, la titular de Aysa, Malena Galmarini, tambi\u00e9n se refiri\u00f3 a la nueva segmentaci\u00f3n tarifaria del agua para los usuarios de esa empresa. La quita de subsidios ser\u00e1 total a partir de noviembre para los usuarios residenciales y terrenos localizados en las zonas calificadas como de ingresos \u201caltos\u201d.<\/p>\n<p>&nbsp;<\/p>\n<p>En tanto, los usuarios que ya cuentan con tarifa social y comunitaria quedar\u00e1n exceptuados de la segmentaci\u00f3n y no perder\u00e1n el beneficio.<\/p>\n<p>&nbsp;<\/p>\n<p>Para los usuarios localizados en zonas calificadas como \u201cmedias\u201d la quita de subsidios se har\u00e1 en tres etapas: tendr\u00e1n 40% desde el 1\u00b0 de noviembre y hasta el 31 de diciembre de 2022; luego, el 20% desde el 1\u00b0 de noviembre de 2022 y hasta el 28 de febrero de 2023. Y finalmente la eliminaci\u00f3n del subsidio desde el 1\u00b0 de marzo de 2023.<\/p>\n<p>&nbsp;<\/p>\n<p>Para los usuarios localizados en zonas calificadas como bajas, el cronograma ser\u00e1: subsidio del 45% desde el 1\u00b0 de noviembre al 31 de diciembre de 2022. Subsidio del 30% desde el 1\u00b0 de noviembre de 2022 hasta el 28 de febrero de 2023. Y subsidio del 15% desde el 1\u00b0 de marzo de 2023.<\/p>\n<p>&nbsp;<\/p>\n<p>Respecto a c\u00f3mo se determinar\u00e1n los tres niveles de usuarios, cabe se\u00f1alar que actualmente, la empresa cuenta con 11 coeficientes zonales definidos, que cuentan con distinta carga tarifaria de acuerdo al marco regulatorio. Para la quita de subsidios a partir de noviembre, se simplificar\u00e1 esa divisi\u00f3n en tres niveles.<\/p>\n<p>&nbsp;<\/p>\n<p><em>Fuente: DIB\u00a0<\/em><\/p>\n","protected":false},"excerpt":{"rendered":"<p>\u201cEstamos pensando en precios justos y responsables\u201d, dijo la secretaria de Energ\u00eda, Flavia Roy\u00f3n. Destac\u00f3 que, pese a la crisis<\/p>\n","protected":false},"author":6,"featured_media":62493,"comment_status":"closed","ping_status":"closed","sticky":false,"template":"","format":"standard","meta":{"_jetpack_memberships_contains_paid_content":false,"footnotes":""},"categories":[6,1],"tags":[],"class_list":["post-62492","post","type-post","status-publish","format-standard","has-post-thumbnail","hentry","category-nacionales","category-portada"],"jetpack_featured_media_url":"https:\/\/i0.wp.com\/cdnoticias.com\/wp-content\/uploads\/2022\/08\/WhatsApp-Image-2022-08-16-at-2.36.14-PM-1068x712-1.jpeg?fit=1068%2C712&ssl=1","jetpack_sharing_enabled":true,"_links":{"self":[{"href":"https:\/\/cdnoticias.com\/index.php\/wp-json\/wp\/v2\/posts\/62492","targetHints":{"allow":["GET"]}}],"collection":[{"href":"https:\/\/cdnoticias.com\/index.php\/wp-json\/wp\/v2\/posts"}],"about":[{"href":"https:\/\/cdnoticias.com\/index.php\/wp-json\/wp\/v2\/types\/post"}],"author":[{"embeddable":true,"href":"https:\/\/cdnoticias.com\/index.php\/wp-json\/wp\/v2\/users\/6"}],"replies":[{"embeddable":true,"href":"https:\/\/cdnoticias.com\/index.php\/wp-json\/wp\/v2\/comments?post=62492"}],"version-history":[{"count":0,"href":"https:\/\/cdnoticias.com\/index.php\/wp-json\/wp\/v2\/posts\/62492\/revisions"}],"wp:featuredmedia":[{"embeddable":true,"href":"https:\/\/cdnoticias.com\/index.php\/wp-json\/wp\/v2\/media\/62493"}],"wp:attachment":[{"href":"https:\/\/cdnoticias.com\/index.php\/wp-json\/wp\/v2\/media?parent=62492"}],"wp:term":[{"taxonomy":"category","embeddable":true,"href":"https:\/\/cdnoticias.com\/index.php\/wp-json\/wp\/v2\/categories?post=62492"},{"taxonomy":"post_tag","embeddable":true,"href":"https:\/\/cdnoticias.com\/index.php\/wp-json\/wp\/v2\/tags?post=62492"}],"curies":[{"name":"wp","href":"https:\/\/api.w.org\/{rel}","templated":true}]}}