{"id":62484,"date":"2022-08-16T20:09:29","date_gmt":"2022-08-16T23:09:29","guid":{"rendered":"https:\/\/www.centraldenoticias.com.ar\/?p=62484"},"modified":"2022-08-16T20:09:29","modified_gmt":"2022-08-16T23:09:29","slug":"la-unicen-tendra-la-semana-de-la-extension-con-propuestas-en-todas-sus-sedes","status":"publish","type":"post","link":"https:\/\/cdnoticias.com\/index.php\/2022\/08\/16\/la-unicen-tendra-la-semana-de-la-extension-con-propuestas-en-todas-sus-sedes\/","title":{"rendered":"La Unicen tendr\u00e1 la Semana de la Extensi\u00f3n con propuestas en todas sus sedes"},"content":{"rendered":"<p>Del 22 al 26 de agosto, la Universidad propone \u201cuna semana distinta\u201d en Olavarr\u00eda, Azul, Tandil y Quequ\u00e9n. Habr\u00e1 un encuentro regional.<!--more--><\/p>\n<hr \/>\n<p><strong>Del 22 al 26 de agosto se realizar\u00e1 la primera edici\u00f3n de la Semana de la Extensi\u00f3n con actividades en simult\u00e1neo en todas las sedes y facultades de la UNICEN<\/strong>. El cierre prev\u00e9 <strong>un gran encuentro regional<\/strong> para los d\u00edas 24 y 25, en el Centro Cultural Universitario de Tandil. Se trata de una propuesta muy diversa que pone en valor la relaci\u00f3n de la universidad con la comunidad.<\/p>\n<p>&nbsp;<\/p>\n<p>La Semana, coordinada por la Secretar\u00eda de Extensi\u00f3n de UNICEN, en la que <strong>se presentar\u00e1n m\u00e1s de 100 actividades h\u00edbridas, presenciales y virtuales y 150 posters y videos<\/strong>, apunta a mostrar todo lo que la universidad realiza en su vinculaci\u00f3n con la comunidad. Para ello, se desplegar\u00e1 en las <strong>sedes Tandil, Olavarr\u00eda, Azul y Quequ\u00e9n<\/strong> un amplio programa de actividades de visibilizaci\u00f3n, capacitaci\u00f3n e intercambio, destinadas a estudiantes, graduados, docentes, no docentes y a la comunidad en general.<\/p>\n<p>&nbsp;<\/p>\n<p><strong>Del lunes al mi\u00e9rcoles, la agenda se llevar\u00e1 adelante en todas las facultades<\/strong> e incluir\u00e1 talleres de formaci\u00f3n, usinas de ideas, laboratorios vivos, ferias de emprendedores, mesas de debate, concursos para estudiantes, postas de salud y mesas barriales, entre otras propuestas que buscan sensibilizar acerca de la extensi\u00f3n como as\u00ed tambi\u00e9n generar espacios de intercambio.<\/p>\n<p>&nbsp;<\/p>\n<p>Durante <strong>los d\u00edas jueves 25 y viernes 26 se realizar\u00e1 un gran encuentro interfacultades<\/strong> que tendr\u00e1 lugar en las instalaciones del Centro Cultural Universitario (Yrigoyen 662), donde se ofrecer\u00e1n conversatorios, talleres y espacios de formaci\u00f3n y se compartir\u00e1n proyectos con la comunidad. A su vez, la Semana de la Extensi\u00f3n contar\u00e1 con la presencia de diversos referentes provenientes de distintas universidades, entre ellos Humberto Tommasino (UDELAR) y Oscar Garc\u00eda (UNSAM).<\/p>\n<p>&nbsp;<\/p>\n<p>El <strong>programa completo<\/strong> est\u00e1 disponible <a href=\"http:\/\/extension.unicen.edu.ar\/programa-semana-extension\/\" target=\"_blank\" rel=\"noopener\">en este link<\/a>.\u00a0\u00a0A su vez, hac\u00eda el final del programa se ubic\u00f3 un banner que redirecciona al contenido de los 150 poster y videos y a los distintos conversatorios.\u00a0Tambi\u00e9n se recibir\u00e1n consultas en cada Facultad y en el Rectorado.<\/p>\n","protected":false},"excerpt":{"rendered":"<p>Del 22 al 26 de agosto, la Universidad propone \u201cuna semana distinta\u201d en Olavarr\u00eda, Azul, Tandil y Quequ\u00e9n. Habr\u00e1 un<\/p>\n","protected":false},"author":4,"featured_media":62485,"comment_status":"closed","ping_status":"closed","sticky":false,"template":"","format":"standard","meta":{"_jetpack_memberships_contains_paid_content":false,"footnotes":""},"categories":[5,1],"tags":[],"class_list":["post-62484","post","type-post","status-publish","format-standard","has-post-thumbnail","hentry","category-informacion-general","category-portada"],"jetpack_featured_media_url":"https:\/\/i0.wp.com\/cdnoticias.com\/wp-content\/uploads\/2022\/08\/semana-extension-unicen-0.jpg?fit=800%2C445&ssl=1","jetpack_sharing_enabled":true,"_links":{"self":[{"href":"https:\/\/cdnoticias.com\/index.php\/wp-json\/wp\/v2\/posts\/62484","targetHints":{"allow":["GET"]}}],"collection":[{"href":"https:\/\/cdnoticias.com\/index.php\/wp-json\/wp\/v2\/posts"}],"about":[{"href":"https:\/\/cdnoticias.com\/index.php\/wp-json\/wp\/v2\/types\/post"}],"author":[{"embeddable":true,"href":"https:\/\/cdnoticias.com\/index.php\/wp-json\/wp\/v2\/users\/4"}],"replies":[{"embeddable":true,"href":"https:\/\/cdnoticias.com\/index.php\/wp-json\/wp\/v2\/comments?post=62484"}],"version-history":[{"count":0,"href":"https:\/\/cdnoticias.com\/index.php\/wp-json\/wp\/v2\/posts\/62484\/revisions"}],"wp:featuredmedia":[{"embeddable":true,"href":"https:\/\/cdnoticias.com\/index.php\/wp-json\/wp\/v2\/media\/62485"}],"wp:attachment":[{"href":"https:\/\/cdnoticias.com\/index.php\/wp-json\/wp\/v2\/media?parent=62484"}],"wp:term":[{"taxonomy":"category","embeddable":true,"href":"https:\/\/cdnoticias.com\/index.php\/wp-json\/wp\/v2\/categories?post=62484"},{"taxonomy":"post_tag","embeddable":true,"href":"https:\/\/cdnoticias.com\/index.php\/wp-json\/wp\/v2\/tags?post=62484"}],"curies":[{"name":"wp","href":"https:\/\/api.w.org\/{rel}","templated":true}]}}