{"id":62476,"date":"2022-08-16T12:13:23","date_gmt":"2022-08-16T15:13:23","guid":{"rendered":"https:\/\/www.centraldenoticias.com.ar\/?p=62476"},"modified":"2022-08-16T13:44:26","modified_gmt":"2022-08-16T16:44:26","slug":"martilleros-buscan-regular-la-publicidad-de-franquicias-de-inmobiliarias","status":"publish","type":"post","link":"https:\/\/cdnoticias.com\/index.php\/2022\/08\/16\/martilleros-buscan-regular-la-publicidad-de-franquicias-de-inmobiliarias\/","title":{"rendered":"Martilleros buscan regular la publicidad de franquicias de inmobiliarias"},"content":{"rendered":"<p>Presentaron un proyecto de ordenanza y fueron recibidos por la comisi\u00f3n de Legislaci\u00f3n del HCD para explicar el tema.<!--more--><\/p>\n<hr \/>\n<p><strong>La comisi\u00f3n de Legislaci\u00f3n, presidida por la concejala Guillermina Amespil, (Juntos) recibi\u00f3 a representantes del Colegio de Martilleros y Corredores P\u00fablicos del Departamento Judicial de Azul<\/strong> quienes se acercaron con el objetivo compartir su preocupaci\u00f3n en relaci\u00f3n al funcionamiento de <strong>franquicias inmobiliarias<\/strong>.<\/p>\n<p>&nbsp;<\/p>\n<blockquote><p>En el desarrollo de la reuni\u00f3n, los representantes de los Martilleros dieron ingreso a un proyecto de ordenanza que regula y proh\u00edbe la publicidad en la v\u00eda p\u00fablica de negocios inmobiliarios bajo la forma de representaci\u00f3n de franquicias por afectaci\u00f3n los intereses y el trabajo de los Matriculados al Colegio.<\/p><\/blockquote>\n<p>&nbsp;<\/p>\n<p>Participaron de la reuni\u00f3n el <strong>presidente del Colegio de Martilleros Nahuel Gagoiti<\/strong> y los <strong>integrantes del Consejo Directivo, Marcelo Corleto, Rub\u00e9l Gonz\u00e1lez y Sergio Vazzano<\/strong>.<\/p>\n<p>&nbsp;<\/p>\n<p><img data-recalc-dims=\"1\" loading=\"lazy\" decoding=\"async\" class=\"size-full wp-image-62478 aligncenter\" src=\"https:\/\/i0.wp.com\/cdnoticias.com\/wp-content\/uploads\/2022\/08\/HCD-legislacion-martilleros-01.jpg?resize=800%2C445&#038;ssl=1\" alt=\"\" width=\"800\" height=\"445\" srcset=\"https:\/\/i0.wp.com\/cdnoticias.com\/wp-content\/uploads\/2022\/08\/HCD-legislacion-martilleros-01.jpg?w=800&amp;ssl=1 800w, https:\/\/i0.wp.com\/cdnoticias.com\/wp-content\/uploads\/2022\/08\/HCD-legislacion-martilleros-01.jpg?resize=300%2C167&amp;ssl=1 300w, https:\/\/i0.wp.com\/cdnoticias.com\/wp-content\/uploads\/2022\/08\/HCD-legislacion-martilleros-01.jpg?resize=768%2C427&amp;ssl=1 768w\" sizes=\"auto, (max-width: 800px) 100vw, 800px\" \/><\/p>\n<p>&nbsp;<\/p>\n<p>Tras la reuni\u00f3n Guillermina Amespil dijo que \u201cteniendo en cuenta un principio de acuerdo entre los distintos bloques durante la reuni\u00f3n, <strong>el proyecto de ordenanza directamente tendr\u00eda tratamiento en la Legislaci\u00f3n para su estudio integral\u201d<\/strong>.<\/p>\n<p>&nbsp;<\/p>\n<blockquote><p>La presidenta de la comisi\u00f3n de Legislaci\u00f3n agradeci\u00f3 y valor\u00f3 la decisi\u00f3n del Colegio \u201cde acercarse y presentar proyectos en favor de mejorar la normativa que regula est\u00e1 actividad profesional en Olavarr\u00eda\u201d.<\/p><\/blockquote>\n<p>&nbsp;<\/p>\n<p>Por \u00faltimo, la concejala Guillermina Amespil inform\u00f3 que<strong> este martes fueron despachados a sesi\u00f3n seis expedientes<\/strong> que ser\u00e1n tratados en la und\u00e9cima sesi\u00f3n ordinaria a realizarse el 25 de agosto.<\/p>\n","protected":false},"excerpt":{"rendered":"<p>Presentaron un proyecto de ordenanza y fueron recibidos por la comisi\u00f3n de Legislaci\u00f3n del HCD para explicar el tema.<\/p>\n","protected":false},"author":4,"featured_media":62477,"comment_status":"closed","ping_status":"closed","sticky":false,"template":"","format":"standard","meta":{"_jetpack_memberships_contains_paid_content":false,"footnotes":""},"categories":[4,1],"tags":[],"class_list":["post-62476","post","type-post","status-publish","format-standard","has-post-thumbnail","hentry","category-politica","category-portada"],"jetpack_featured_media_url":"https:\/\/i0.wp.com\/cdnoticias.com\/wp-content\/uploads\/2022\/08\/HCD-legislacion-martilleros-00.jpg?fit=800%2C445&ssl=1","jetpack_sharing_enabled":true,"_links":{"self":[{"href":"https:\/\/cdnoticias.com\/index.php\/wp-json\/wp\/v2\/posts\/62476","targetHints":{"allow":["GET"]}}],"collection":[{"href":"https:\/\/cdnoticias.com\/index.php\/wp-json\/wp\/v2\/posts"}],"about":[{"href":"https:\/\/cdnoticias.com\/index.php\/wp-json\/wp\/v2\/types\/post"}],"author":[{"embeddable":true,"href":"https:\/\/cdnoticias.com\/index.php\/wp-json\/wp\/v2\/users\/4"}],"replies":[{"embeddable":true,"href":"https:\/\/cdnoticias.com\/index.php\/wp-json\/wp\/v2\/comments?post=62476"}],"version-history":[{"count":0,"href":"https:\/\/cdnoticias.com\/index.php\/wp-json\/wp\/v2\/posts\/62476\/revisions"}],"wp:featuredmedia":[{"embeddable":true,"href":"https:\/\/cdnoticias.com\/index.php\/wp-json\/wp\/v2\/media\/62477"}],"wp:attachment":[{"href":"https:\/\/cdnoticias.com\/index.php\/wp-json\/wp\/v2\/media?parent=62476"}],"wp:term":[{"taxonomy":"category","embeddable":true,"href":"https:\/\/cdnoticias.com\/index.php\/wp-json\/wp\/v2\/categories?post=62476"},{"taxonomy":"post_tag","embeddable":true,"href":"https:\/\/cdnoticias.com\/index.php\/wp-json\/wp\/v2\/tags?post=62476"}],"curies":[{"name":"wp","href":"https:\/\/api.w.org\/{rel}","templated":true}]}}