{"id":62467,"date":"2022-08-16T08:51:15","date_gmt":"2022-08-16T11:51:15","guid":{"rendered":"https:\/\/www.centraldenoticias.com.ar\/?p=62467"},"modified":"2022-08-16T09:46:18","modified_gmt":"2022-08-16T12:46:18","slug":"el-gobierno-anunciara-este-martes-la-segmentacion-en-el-agua","status":"publish","type":"post","link":"https:\/\/cdnoticias.com\/index.php\/2022\/08\/16\/el-gobierno-anunciara-este-martes-la-segmentacion-en-el-agua\/","title":{"rendered":"El Gobierno anunciar\u00e1 este martes la segmentaci\u00f3n en el agua"},"content":{"rendered":"<p>Adem\u00e1s dar\u00e1n a conocer los detalles del nuevo esquema de subsidios de luz y gas. Los anuncios ser\u00e1n llevados a cabo por la secretaria de Energ\u00eda, Flavia Roy\u00f3n y por Aguas Argentinas estar\u00e1 presente la titular de la empresa, Malena Galmarini.<!--more--><\/p>\n<hr \/>\n<p>Este martes la Secretar\u00eda de Energ\u00eda dar\u00e1 a conocer finalmente<strong> el porcentaje de aumento de las tarifas de luz y gas,<\/strong> que incluye la segmentaci\u00f3n seg\u00fan los ingresos de los usuarios, con una diferenciaci\u00f3n de acuerdo a la regi\u00f3n del pa\u00eds, y un tope de referencia para incentivar la eficiencia y el ahorro energ\u00e9tico. Mientras que se sumar\u00e1n <strong>cambios en el subsidio del agua.<\/strong><\/p>\n<p>&nbsp;<\/p>\n<p>El equipo econ\u00f3mico ya defini\u00f3 que <strong>hasta 400 kw se pagar\u00e1 la tarifa con subsidio<\/strong>, pero superado este consumo se pagara el excedente con tarifa plena (es decir sin subsidio), aunque a\u00fan se desconoce si ese tope ser\u00e1 mensual o bimestral.<\/p>\n<p>&nbsp;<\/p>\n<blockquote><p>En el caso de las facturas de agua, la nueva propuesta de segmentaci\u00f3n tarifaria establece que el 15% de los usuarios de altos ingresos pasar\u00e1n a partir del 1\u00b0 de noviembre a pagar tarifa sin subsidio.<\/p><\/blockquote>\n<p>&nbsp;<\/p>\n<p>En tanto, <strong>el 27% de los usuarios de ingresos medios pasar\u00e1n a pagar la tarifa plena reci\u00e9n en marzo del 2023.<\/strong> Por su parte, <strong>el 49% de los usuarios de bajos ingresos contar\u00e1n con el subsidio del 15% hasta marzo del 2023.<\/strong><\/p>\n<p>&nbsp;<\/p>\n<p>En rigor, para los <strong>usuarios residenciales y terrenos bald\u00edos<\/strong> localizados en zonas calificadas como \u201cmedias\u201d se har\u00e1 en tres etapas. Subsidio del 40% desde el 1\u00b0 de noviembre de 2022 y hasta el 31 de diciembre de 2022. Subsidio del 20% desde el 1\u00b0 de noviembre de 2022 y hasta el 28 de febrero de 2023. Y eliminaci\u00f3n del subsidio desde el 1\u00b0 de marzo de 2023.<\/p>\n<p>&nbsp;<\/p>\n<p>Para los <strong>usuarios localizados en zonas calificadas como bajas<\/strong>, el cronograma ser\u00e1: subsidio del 45% desde el 1\u00b0 de noviembre de 2022 y hasta el 31 de diciembre de 2022. Subsidio del 30% desde el 1\u00b0 de noviembre de 2022 y hasta el 28 de febrero de 2023. Y subsidio del 15% desde el 1\u00b0 de marzo de 2023.<\/p>\n<p>&nbsp;<\/p>\n<p>Los <strong>usuarios no residenciales<\/strong>, por \u00faltimo, recibir\u00e1n subsidio del 40% desde el 1\u00b0 de noviembre de 2022 y hasta el 31 de diciembre de 2022. Subsidio del 20% desde el 1\u00b0 de noviembre de 2022 y hasta el 28 de febrero de 2023. Y eliminaci\u00f3n del subsidio desde el 1\u00b0 de marzo de 2023.<\/p>\n<p>&nbsp;<\/p>\n<p>De acuerdo a la informaci\u00f3n de Aysa, que preside Malena Galmarini, el 15% de los usuarios (unos 532.000 domicilios) pasar\u00e1n a conformar el nivel alto. Mientras que el nivel medio agrupar\u00e1 al 27% de los usuarios (unos 997.000). <strong>La mayor\u00eda de los usuarios, en tanto, quedar\u00e1n agrupados dentro del sector de menores ingresos que conformar\u00e1 el 49% del total (unos 1,8 millones).<\/strong><\/p>\n<p>&nbsp;<\/p>\n<p><strong>\u00bfQu\u00e9 pasar\u00e1 con la tarifa social?<\/strong><\/p>\n<p>&nbsp;<\/p>\n<p>En 2022, accedieron a la tarifa social 250.000 hogares y se espera que en los pr\u00f3ximos meses s<strong>e ampl\u00ede la difusi\u00f3n del programa y se facilite el acceso a m\u00e1s usuarios que cumplan con los requisitos.<\/strong><\/p>\n<p>&nbsp;<\/p>\n<p>El acceso al programa de tarifa social requiere a los hogares unipersonales un ingreso neto (ingreso menos gastos de salud y vivienda) inferior a dos jubilaciones m\u00ednimas ($86.630 a septiembre de 2022). Luego, se agrega un ingreso adicional equivalente a una jubilaci\u00f3n m\u00ednima por cada integrante adicional del hogar. El monto m\u00e1ximo de ingreso neto para acceso al programa ser\u00e1 en septiembre de 2022 de $216.575.<\/p>\n<p>&nbsp;<\/p>\n<p>Fuente: DIB<\/p>\n","protected":false},"excerpt":{"rendered":"<p>Adem\u00e1s dar\u00e1n a conocer los detalles del nuevo esquema de subsidios de luz y gas. Los anuncios ser\u00e1n llevados a<\/p>\n","protected":false},"author":5,"featured_media":58599,"comment_status":"closed","ping_status":"closed","sticky":false,"template":"","format":"standard","meta":{"_jetpack_memberships_contains_paid_content":false,"footnotes":""},"categories":[6,1],"tags":[],"class_list":["post-62467","post","type-post","status-publish","format-standard","has-post-thumbnail","hentry","category-nacionales","category-portada"],"jetpack_featured_media_url":"https:\/\/i0.wp.com\/cdnoticias.com\/wp-content\/uploads\/2022\/06\/gas-tarifa.jpg?fit=986%2C592&ssl=1","jetpack_sharing_enabled":true,"_links":{"self":[{"href":"https:\/\/cdnoticias.com\/index.php\/wp-json\/wp\/v2\/posts\/62467","targetHints":{"allow":["GET"]}}],"collection":[{"href":"https:\/\/cdnoticias.com\/index.php\/wp-json\/wp\/v2\/posts"}],"about":[{"href":"https:\/\/cdnoticias.com\/index.php\/wp-json\/wp\/v2\/types\/post"}],"author":[{"embeddable":true,"href":"https:\/\/cdnoticias.com\/index.php\/wp-json\/wp\/v2\/users\/5"}],"replies":[{"embeddable":true,"href":"https:\/\/cdnoticias.com\/index.php\/wp-json\/wp\/v2\/comments?post=62467"}],"version-history":[{"count":0,"href":"https:\/\/cdnoticias.com\/index.php\/wp-json\/wp\/v2\/posts\/62467\/revisions"}],"wp:featuredmedia":[{"embeddable":true,"href":"https:\/\/cdnoticias.com\/index.php\/wp-json\/wp\/v2\/media\/58599"}],"wp:attachment":[{"href":"https:\/\/cdnoticias.com\/index.php\/wp-json\/wp\/v2\/media?parent=62467"}],"wp:term":[{"taxonomy":"category","embeddable":true,"href":"https:\/\/cdnoticias.com\/index.php\/wp-json\/wp\/v2\/categories?post=62467"},{"taxonomy":"post_tag","embeddable":true,"href":"https:\/\/cdnoticias.com\/index.php\/wp-json\/wp\/v2\/tags?post=62467"}],"curies":[{"name":"wp","href":"https:\/\/api.w.org\/{rel}","templated":true}]}}