{"id":62444,"date":"2022-08-15T14:12:21","date_gmt":"2022-08-15T17:12:21","guid":{"rendered":"https:\/\/www.centraldenoticias.com.ar\/?p=62444"},"modified":"2022-08-15T14:12:21","modified_gmt":"2022-08-15T17:12:21","slug":"trabajos-de-entoscado-en-las-calles-internas-de-barrio-la-arana","status":"publish","type":"post","link":"https:\/\/cdnoticias.com\/index.php\/2022\/08\/15\/trabajos-de-entoscado-en-las-calles-internas-de-barrio-la-arana\/","title":{"rendered":"Trabajos de entoscado en las calles internas de barrio La Ara\u00f1a"},"content":{"rendered":"<p>Se llevaron adelante con equipamiento vial de la Municipalidad. Las tareas consistieron en nivelaci\u00f3n y apertura de calles, y tambi\u00e9n desmonte.<!--more--><\/p>\n<hr \/>\n<p>Desde la Secretar\u00eda de Mantenimiento y Obras P\u00fablicas se inform\u00f3 que <strong>durante la semana pasada continuaron los trabajos en el barrio La Ara\u00f1a,<\/strong> con equipamiento vial de la Municipalidad.<\/p>\n<p>&nbsp;<\/p>\n<p>Seg\u00fan se indic\u00f3 las tareas consistieron en el<strong> entoscado de calles internas<\/strong>, para la cual previamente debi\u00f3 realizarse un proyecto de nivelaci\u00f3n y apertura de calles, en primer lugar, y desmonte luego para dejar en condiciones la traza. <a href=\"https:\/\/cdnoticias.com\/index.php\/2022\/07\/06\/comenzo-la-apertura-de-calles-de-barrio-la-arana\/\" target=\"_blank\" rel=\"noopener\">Hab\u00edan comenzado en julio<\/a>.<\/p>\n<p>&nbsp;<\/p>\n<p>Dicho proyecto es resultado de un <strong>trabajo conjunto entre la Direcci\u00f3n de Mantenimiento Urbano y la Direcci\u00f3n de Catastro<\/strong>, con la finalidad de mejorar el trazado urbano de calles.\u00a0Desde Catastro se llev\u00f3 a cabo un relevamiento t\u00e9cnico para posteriormente determinar los ejes de calles. Una vez realizado el procedimiento de amojonamiento, personal de Mantenimiento Urbano dio comienzo a las tareas de apertura de calles para luego ejecutar el entoscado.<\/p>\n<p>&nbsp;<\/p>\n<p><img data-recalc-dims=\"1\" loading=\"lazy\" decoding=\"async\" class=\"size-full wp-image-62445 aligncenter\" src=\"https:\/\/i0.wp.com\/cdnoticias.com\/wp-content\/uploads\/2022\/08\/Obras-Mantenimiento-Calles-0.jpg?resize=800%2C445&#038;ssl=1\" alt=\"\" width=\"800\" height=\"445\" srcset=\"https:\/\/i0.wp.com\/cdnoticias.com\/wp-content\/uploads\/2022\/08\/Obras-Mantenimiento-Calles-0.jpg?w=800&amp;ssl=1 800w, https:\/\/i0.wp.com\/cdnoticias.com\/wp-content\/uploads\/2022\/08\/Obras-Mantenimiento-Calles-0.jpg?resize=300%2C167&amp;ssl=1 300w, https:\/\/i0.wp.com\/cdnoticias.com\/wp-content\/uploads\/2022\/08\/Obras-Mantenimiento-Calles-0.jpg?resize=768%2C427&amp;ssl=1 768w\" sizes=\"auto, (max-width: 800px) 100vw, 800px\" \/><\/p>\n<p>&nbsp;<\/p>\n<p>Al respecto, cabe destacar que recientemente <a href=\"https:\/\/cdnoticias.com\/index.php\/2022\/08\/08\/comenzo-la-pavimentacion-de-prolongacion-sur-de-calle-rivadavia\/\">se inici\u00f3 la obra de pavimentaci\u00f3n de prolongaci\u00f3n sur de calle Rivadavia<\/a>, que beneficiar\u00e1 a familias de los barrios La Ara\u00f1a, Los Robles, Municipales, Plan Novios, Plan Abuelos y zonas aleda\u00f1as, con una inversi\u00f3n que supera los 20 millones de pesos.<\/p>\n<p>&nbsp;<\/p>\n<blockquote><p>\u201cEn dicha zona, en los \u00faltimos a\u00f1os, se ha registrado un importante crecimiento demogr\u00e1fico, por lo cual la pavimentaci\u00f3n y los trabajos de mantenimiento permitir\u00e1n mejorar las condiciones de transitabilidad y de accesibilidad tanto del transporte p\u00fablico, como de las unidades asistenciales de emergencias\u201d se destac\u00f3.<\/p><\/blockquote>\n<p>&nbsp;<\/p>\n<p>En este sentido, desde la Direcci\u00f3n de Mantenimiento Urbano<strong> se solicit\u00f3 circular con precauci\u00f3n por el sector<\/strong>, teniendo en cuenta los trabajos que se encuentran en marcha actualmente en el barrio La Ara\u00f1a.<\/p>\n<p>&nbsp;<\/p>\n<p>Por otra parte, por \u00faltimo se comunic\u00f3 que <strong>durante la semana tambi\u00e9n se desarrollaron tareas de apertura de calles en el barrio Los Sauces<\/strong>, con personal, recursos y equipamiento de la Municipalidad.<\/p>\n","protected":false},"excerpt":{"rendered":"<p>Se llevaron adelante con equipamiento vial de la Municipalidad. Las tareas consistieron en nivelaci\u00f3n y apertura de calles, y tambi\u00e9n<\/p>\n","protected":false},"author":4,"featured_media":62446,"comment_status":"closed","ping_status":"closed","sticky":false,"template":"","format":"standard","meta":{"_jetpack_memberships_contains_paid_content":false,"footnotes":""},"categories":[5,1],"tags":[],"class_list":["post-62444","post","type-post","status-publish","format-standard","has-post-thumbnail","hentry","category-informacion-general","category-portada"],"jetpack_featured_media_url":"https:\/\/i0.wp.com\/cdnoticias.com\/wp-content\/uploads\/2022\/08\/barrio-la-arana-0.jpg?fit=800%2C445&ssl=1","jetpack_sharing_enabled":true,"_links":{"self":[{"href":"https:\/\/cdnoticias.com\/index.php\/wp-json\/wp\/v2\/posts\/62444","targetHints":{"allow":["GET"]}}],"collection":[{"href":"https:\/\/cdnoticias.com\/index.php\/wp-json\/wp\/v2\/posts"}],"about":[{"href":"https:\/\/cdnoticias.com\/index.php\/wp-json\/wp\/v2\/types\/post"}],"author":[{"embeddable":true,"href":"https:\/\/cdnoticias.com\/index.php\/wp-json\/wp\/v2\/users\/4"}],"replies":[{"embeddable":true,"href":"https:\/\/cdnoticias.com\/index.php\/wp-json\/wp\/v2\/comments?post=62444"}],"version-history":[{"count":0,"href":"https:\/\/cdnoticias.com\/index.php\/wp-json\/wp\/v2\/posts\/62444\/revisions"}],"wp:featuredmedia":[{"embeddable":true,"href":"https:\/\/cdnoticias.com\/index.php\/wp-json\/wp\/v2\/media\/62446"}],"wp:attachment":[{"href":"https:\/\/cdnoticias.com\/index.php\/wp-json\/wp\/v2\/media?parent=62444"}],"wp:term":[{"taxonomy":"category","embeddable":true,"href":"https:\/\/cdnoticias.com\/index.php\/wp-json\/wp\/v2\/categories?post=62444"},{"taxonomy":"post_tag","embeddable":true,"href":"https:\/\/cdnoticias.com\/index.php\/wp-json\/wp\/v2\/tags?post=62444"}],"curies":[{"name":"wp","href":"https:\/\/api.w.org\/{rel}","templated":true}]}}