{"id":62439,"date":"2022-08-15T12:45:40","date_gmt":"2022-08-15T15:45:40","guid":{"rendered":"https:\/\/www.centraldenoticias.com.ar\/?p=62439"},"modified":"2022-08-15T12:45:40","modified_gmt":"2022-08-15T15:45:40","slug":"el-gobierno-en-vez-de-ocuparse-de-la-pobreza-se-ocupa-de-la-impunidad-de-sus-dirigentes","status":"publish","type":"post","link":"https:\/\/cdnoticias.com\/index.php\/2022\/08\/15\/el-gobierno-en-vez-de-ocuparse-de-la-pobreza-se-ocupa-de-la-impunidad-de-sus-dirigentes\/","title":{"rendered":"\u201cEl Gobierno en vez de ocuparse de la pobreza, se ocupa de la impunidad de sus dirigentes\u201d"},"content":{"rendered":"<p>Lo dijo el presidente de la UCR bonaerense, Maximiliano Abad, en Olavarr\u00eda. Destac\u00f3 la asistencia de Ezequiel Galli a la Cena de la Reconstrucci\u00f3n.<!--more--><\/p>\n<hr \/>\n<p><strong>El presidente de la UCR provincial Maximiliano Abad estuvo en Olavarr\u00eda<\/strong> en la <a href=\"https:\/\/cdnoticias.com\/index.php\/2022\/08\/14\/ucr-gran-cena-por-la-reconstruccion-con-importantes-presencias-politicas\/\" target=\"_blank\" rel=\"noopener\">Cena de la Reconstrucci\u00f3n<\/a> y all\u00ed habl\u00f3 con <strong>Central de Noticias<\/strong>. Destac\u00f3 que <strong>la UCR \u201ces un partido de poder que normalmente quiere volver a ser gobierno<\/strong>, que tiene relevo generacional, que tiene una fundaci\u00f3n que es usina de ideas, que trabaja en forma coordinada con los intendentes, los legisladores nacionales, provinciales, la Juventud Radical y la Franja Morada\u201d.<\/p>\n<p>&nbsp;<\/p>\n<p>El tambi\u00e9n diputado provincial subray\u00f3 que \u201ces un partido que quiere construir alternativa y alternancia en el marco de una coalici\u00f3n amplia, <strong>frente a un modelo que est\u00e1 agotado y nos sumergi\u00f3 en pantano del hambre, la corrupci\u00f3n y la incertidumbre<\/strong>\u201d.<\/p>\n<p>&nbsp;<\/p>\n<p>Tal como lo hab\u00eda hecho en su discurso durante la cena, Abad expres\u00f3 su intenci\u00f3n de <strong>\u201cagradecer al intendente (Ezequiel) Galli<\/strong> que hoy est\u00e1 ac\u00e1. Lo dije cuando hice uso de la palabra, eso <strong>da testimonio de la convivencia que tenemos en el marco de la coalici\u00f3n opositora<\/strong> y da testimonio de que queremos construir un futuro en com\u00fan\u201d.<\/p>\n<p>&nbsp;<\/p>\n<p><img data-recalc-dims=\"1\" loading=\"lazy\" decoding=\"async\" class=\"size-full wp-image-62440 aligncenter\" src=\"https:\/\/i0.wp.com\/cdnoticias.com\/wp-content\/uploads\/2022\/08\/cena-de-la-reconstruccion-UCR-00.jpg?resize=800%2C445&#038;ssl=1\" alt=\"\" width=\"800\" height=\"445\" srcset=\"https:\/\/i0.wp.com\/cdnoticias.com\/wp-content\/uploads\/2022\/08\/cena-de-la-reconstruccion-UCR-00.jpg?w=800&amp;ssl=1 800w, https:\/\/i0.wp.com\/cdnoticias.com\/wp-content\/uploads\/2022\/08\/cena-de-la-reconstruccion-UCR-00.jpg?resize=300%2C167&amp;ssl=1 300w, https:\/\/i0.wp.com\/cdnoticias.com\/wp-content\/uploads\/2022\/08\/cena-de-la-reconstruccion-UCR-00.jpg?resize=768%2C427&amp;ssl=1 768w\" sizes=\"auto, (max-width: 800px) 100vw, 800px\" \/><\/p>\n<p>&nbsp;<\/p>\n<blockquote><p>Sobre las candidaturas para las pr\u00f3ximas elecciones, el presidente del bloque Juntos en Diputados consider\u00f3 que \u201cpara el 2023 falta mucho. Hoy tenemos que construir una agenda que est\u00e9 cerca de una sociedad que la est\u00e1 pasando mal\u201d. En ese marco, avanz\u00f3 en cr\u00edticas a la gesti\u00f3n nacional y al Frente de Todos al definir que la \u201csociedad est\u00e1 harta, agobiada, de un gobierno que construye una agenda alejada de sus necesidades y que est\u00e1 imbuido en sus propias peleas internas\u201d.<\/p><\/blockquote>\n<p>&nbsp;<\/p>\n<p>Abad se quej\u00f3 de que <strong>\u201cel Gobierno en vez de ocuparse de la pobreza, se ocupa de la impunidad de sus dirigentes<\/strong>, en vez de ocuparse de la educaci\u00f3n se ocupa de cambiar el Consejo de la Magistratura y en vez de ocuparse de la inflaci\u00f3n se ocupa de querer cooptar la justicia\u201d.<\/p>\n<p>&nbsp;<\/p>\n<p>Tras esas cr\u00edticas, el presidente de la UCR bonaerense destac\u00f3 la intenci\u00f3n de Juntos por el Cambio hacia la pr\u00f3xima campa\u00f1a electoral: <strong>\u201cnosotros nos vamos a ocupar m\u00e1s de la gente, menos de los dirigentes y vamos a construir una Argentina que le devuelva a los argentinos y a las argentinas la esperanza de que un futuro mejor es posible\u201d<\/strong>.<\/p>\n","protected":false},"excerpt":{"rendered":"<p>Lo dijo el presidente de la UCR bonaerense, Maximiliano Abad, en Olavarr\u00eda. Destac\u00f3 la asistencia de Ezequiel Galli a la<\/p>\n","protected":false},"author":4,"featured_media":62441,"comment_status":"closed","ping_status":"closed","sticky":false,"template":"","format":"standard","meta":{"_jetpack_memberships_contains_paid_content":false,"footnotes":""},"categories":[4,1],"tags":[],"class_list":["post-62439","post","type-post","status-publish","format-standard","has-post-thumbnail","hentry","category-politica","category-portada"],"jetpack_featured_media_url":"https:\/\/i0.wp.com\/cdnoticias.com\/wp-content\/uploads\/2022\/08\/maxi-abad.jpg?fit=800%2C445&ssl=1","jetpack_sharing_enabled":true,"_links":{"self":[{"href":"https:\/\/cdnoticias.com\/index.php\/wp-json\/wp\/v2\/posts\/62439","targetHints":{"allow":["GET"]}}],"collection":[{"href":"https:\/\/cdnoticias.com\/index.php\/wp-json\/wp\/v2\/posts"}],"about":[{"href":"https:\/\/cdnoticias.com\/index.php\/wp-json\/wp\/v2\/types\/post"}],"author":[{"embeddable":true,"href":"https:\/\/cdnoticias.com\/index.php\/wp-json\/wp\/v2\/users\/4"}],"replies":[{"embeddable":true,"href":"https:\/\/cdnoticias.com\/index.php\/wp-json\/wp\/v2\/comments?post=62439"}],"version-history":[{"count":0,"href":"https:\/\/cdnoticias.com\/index.php\/wp-json\/wp\/v2\/posts\/62439\/revisions"}],"wp:featuredmedia":[{"embeddable":true,"href":"https:\/\/cdnoticias.com\/index.php\/wp-json\/wp\/v2\/media\/62441"}],"wp:attachment":[{"href":"https:\/\/cdnoticias.com\/index.php\/wp-json\/wp\/v2\/media?parent=62439"}],"wp:term":[{"taxonomy":"category","embeddable":true,"href":"https:\/\/cdnoticias.com\/index.php\/wp-json\/wp\/v2\/categories?post=62439"},{"taxonomy":"post_tag","embeddable":true,"href":"https:\/\/cdnoticias.com\/index.php\/wp-json\/wp\/v2\/tags?post=62439"}],"curies":[{"name":"wp","href":"https:\/\/api.w.org\/{rel}","templated":true}]}}