{"id":62437,"date":"2022-08-15T17:03:35","date_gmt":"2022-08-15T20:03:35","guid":{"rendered":"https:\/\/www.centraldenoticias.com.ar\/?p=62437"},"modified":"2022-08-15T17:03:35","modified_gmt":"2022-08-15T20:03:35","slug":"el-quirofano-veterinario-atendera-en-el-barrio-coronel-dorrego","status":"publish","type":"post","link":"https:\/\/cdnoticias.com\/index.php\/2022\/08\/15\/el-quirofano-veterinario-atendera-en-el-barrio-coronel-dorrego\/","title":{"rendered":"El Quir\u00f3fano Veterinario atender\u00e1 en el barrio Coronel Dorrego"},"content":{"rendered":"<p>Ser\u00e1 entre el martes y el viernes. El servicio de esterilizaciones quir\u00fargicas caninas y felinas llegar\u00e1 a la sociedad de fomento de Necochea y Calle 17 de 8:30 a 12 horas. Solicitar turno.<\/p>\n<p><!--more--><\/p>\n<hr \/>\n<p>Desde la Direcci\u00f3n de Bromatolog\u00eda de la Municipalidad de Olavarr\u00eda se record\u00f3 que <strong>a partir de este martes 16 de agosto el Quir\u00f3fano Veterinario M\u00f3vil atender\u00e1 en el barrio Coronel Dorrego<\/strong>, donde permanecer\u00e1 hasta el viernes inclusive.<\/p>\n<p>&nbsp;<\/p>\n<p>El servicio de <strong>esterilizaciones quir\u00fargicas caninas y felinas<\/strong> se llevar\u00e1 a cabo en la sede de la Sociedad de Fomento ubicada sobre <strong>Necochea y Calle 17 en el horario de 8:30 a 12<\/strong>.<\/p>\n<p>&nbsp;<\/p>\n<p>Como sucede regularmente, ser\u00e1 <strong>exclusivo para vecinos y vecinas del sector visitado<\/strong>, quienes deber\u00e1n coordinar el turno previamente a trav\u00e9s de un <strong>mensaje de WhatsApp a la L\u00ednea Interactiva, 2284 229029<\/strong>.<\/p>\n<p>&nbsp;<\/p>\n<p>El Quir\u00f3fano Veterinario M\u00f3vil <strong>seguir\u00e1 su recorrido luego hacia el Barrio Pickelado<\/strong>, m\u00e1s precisamente el Servicio Territorial Municipal 2 ubicado en avenida Alberdi y Coronel Su\u00e1rez, donde atender\u00e1 desde el lunes 22 al viernes 26 de agosto inclusive.<\/p>\n<p>&nbsp;<\/p>\n<p>Por \u00faltimo, est\u00e1 programada que desde el lunes 29 al viernes 2 de septiembre <strong>el servicio se brindar\u00e1 en Sierra Chica<\/strong>, m\u00e1s precisamente en el Sal\u00f3n del C\u00edrculo de Suboficiales y Guardias Penitenciarios, ubicado sobre avenida Centenario 1380.<\/p>\n","protected":false},"excerpt":{"rendered":"<p>Ser\u00e1 entre el martes y el viernes. El servicio de esterilizaciones quir\u00fargicas caninas y felinas llegar\u00e1 a la sociedad de<\/p>\n","protected":false},"author":4,"featured_media":23702,"comment_status":"closed","ping_status":"closed","sticky":false,"template":"","format":"standard","meta":{"_jetpack_memberships_contains_paid_content":false,"footnotes":""},"categories":[5,1],"tags":[],"class_list":["post-62437","post","type-post","status-publish","format-standard","has-post-thumbnail","hentry","category-informacion-general","category-portada"],"jetpack_featured_media_url":"https:\/\/i0.wp.com\/cdnoticias.com\/wp-content\/uploads\/2021\/06\/Salud-Quirof%C3%A1no-M%C3%B3vil-1024x683.jpg?fit=1024%2C683&ssl=1","jetpack_sharing_enabled":true,"_links":{"self":[{"href":"https:\/\/cdnoticias.com\/index.php\/wp-json\/wp\/v2\/posts\/62437","targetHints":{"allow":["GET"]}}],"collection":[{"href":"https:\/\/cdnoticias.com\/index.php\/wp-json\/wp\/v2\/posts"}],"about":[{"href":"https:\/\/cdnoticias.com\/index.php\/wp-json\/wp\/v2\/types\/post"}],"author":[{"embeddable":true,"href":"https:\/\/cdnoticias.com\/index.php\/wp-json\/wp\/v2\/users\/4"}],"replies":[{"embeddable":true,"href":"https:\/\/cdnoticias.com\/index.php\/wp-json\/wp\/v2\/comments?post=62437"}],"version-history":[{"count":0,"href":"https:\/\/cdnoticias.com\/index.php\/wp-json\/wp\/v2\/posts\/62437\/revisions"}],"wp:featuredmedia":[{"embeddable":true,"href":"https:\/\/cdnoticias.com\/index.php\/wp-json\/wp\/v2\/media\/23702"}],"wp:attachment":[{"href":"https:\/\/cdnoticias.com\/index.php\/wp-json\/wp\/v2\/media?parent=62437"}],"wp:term":[{"taxonomy":"category","embeddable":true,"href":"https:\/\/cdnoticias.com\/index.php\/wp-json\/wp\/v2\/categories?post=62437"},{"taxonomy":"post_tag","embeddable":true,"href":"https:\/\/cdnoticias.com\/index.php\/wp-json\/wp\/v2\/tags?post=62437"}],"curies":[{"name":"wp","href":"https:\/\/api.w.org\/{rel}","templated":true}]}}