{"id":6235,"date":"2020-11-11T19:40:46","date_gmt":"2020-11-11T22:40:46","guid":{"rendered":"http:\/\/www.centraldenoticias.com.ar\/?p=6235"},"modified":"2020-11-11T19:40:46","modified_gmt":"2020-11-11T22:40:46","slug":"sigue-el-descenso-de-casos-de-coronavirus-este-miercoles-hubo-27","status":"publish","type":"post","link":"https:\/\/cdnoticias.com\/index.php\/2020\/11\/11\/sigue-el-descenso-de-casos-de-coronavirus-este-miercoles-hubo-27\/","title":{"rendered":"Sigue el descenso de casos de coronavirus: este mi\u00e9rcoles hubo 27"},"content":{"rendered":"<p>&nbsp;<\/p>\n<p>De la cifra total, 7 corresponden al Programa RTA. Adem\u00e1s, 60 pacientes recibieron el alta m\u00e9dica. Hay 9 pacientes en Unidad de Terapia Intensiva y 28 en Cuidados Generales.<!--more--><\/p>\n<hr \/>\n<p>La secretar\u00eda de Salud del Gobierno Municipal inform\u00f3 que <strong>este mi\u00e9rcoles se registraron 27 nuevos casos de Covid-19 en el partido de Olavarr\u00eda.<\/strong> Hubo 60 pacientes que recibieron el alta m\u00e9dica y se descartaron 71.<\/p>\n<p>&nbsp;<\/p>\n<p><strong>El total de pacientes activos es de 237.<\/strong> En tanto, durante la jornada se realizaron 98 testeos y m\u00e1s de 10.100 desde el comienzo de la pandemia.<\/p>\n<p>&nbsp;<\/p>\n<p><img data-recalc-dims=\"1\" loading=\"lazy\" decoding=\"async\" class=\"alignnone size-full wp-image-6233\" src=\"https:\/\/i0.wp.com\/cdnoticias.com\/wp-content\/uploads\/2020\/11\/WhatsApp-Image-2020-11-11-at-19.26.47.jpeg?resize=800%2C584&#038;ssl=1\" alt=\"\" width=\"800\" height=\"584\" srcset=\"https:\/\/i0.wp.com\/cdnoticias.com\/wp-content\/uploads\/2020\/11\/WhatsApp-Image-2020-11-11-at-19.26.47.jpeg?w=921&amp;ssl=1 921w, https:\/\/i0.wp.com\/cdnoticias.com\/wp-content\/uploads\/2020\/11\/WhatsApp-Image-2020-11-11-at-19.26.47.jpeg?resize=300%2C219&amp;ssl=1 300w, https:\/\/i0.wp.com\/cdnoticias.com\/wp-content\/uploads\/2020\/11\/WhatsApp-Image-2020-11-11-at-19.26.47.jpeg?resize=768%2C560&amp;ssl=1 768w\" sizes=\"auto, (max-width: 800px) 100vw, 800px\" \/><\/p>\n<p>&nbsp;<\/p>\n<p>De los 27 casos de este mi\u00e9rcoles, <strong>7 corresponden al Programa RTA (Rastrear, Testear y Aislar)<\/strong> que se realiz\u00f3 en el Club Hinojo. Los positivos se vinculan a personal de f\u00e1bricas, de seguridad, de comercios locales y a nexos con positivos anteriores.<\/p>\n<p>&nbsp;<\/p>\n<p><img data-recalc-dims=\"1\" loading=\"lazy\" decoding=\"async\" class=\"alignnone size-full wp-image-6232\" src=\"https:\/\/i0.wp.com\/cdnoticias.com\/wp-content\/uploads\/2020\/11\/parte-3.jpg?resize=800%2C409&#038;ssl=1\" alt=\"\" width=\"800\" height=\"409\" srcset=\"https:\/\/i0.wp.com\/cdnoticias.com\/wp-content\/uploads\/2020\/11\/parte-3.jpg?w=990&amp;ssl=1 990w, https:\/\/i0.wp.com\/cdnoticias.com\/wp-content\/uploads\/2020\/11\/parte-3.jpg?resize=300%2C153&amp;ssl=1 300w, https:\/\/i0.wp.com\/cdnoticias.com\/wp-content\/uploads\/2020\/11\/parte-3.jpg?resize=768%2C393&amp;ssl=1 768w\" sizes=\"auto, (max-width: 800px) 100vw, 800px\" \/><\/p>\n<p>&nbsp;<\/p>\n<p><strong>El programa RTA continuar\u00e1 este jueves de 9 a 10 en el Club Loma Negra.<\/strong> Se recuerda que solo deben asistir los pacientes que presenten s\u00edntomas como tos, falta de olfato, falta de gusto, m\u00e1s de 37.5\u00ba de fiebre, dolor de garganta, falta de aire o m\u00e1s de 48 horas con diarrea.<\/p>\n<blockquote><p>&nbsp;<\/p>\n<p>No se realizar\u00e1 hisopado de pacientes asintom\u00e1ticos o con otros s\u00edntomas asociados con menor frecuencia a COVID-19.<\/p><\/blockquote>\n<p>&nbsp;<\/p>\n<p><img data-recalc-dims=\"1\" loading=\"lazy\" decoding=\"async\" class=\"alignnone size-large wp-image-6234\" src=\"https:\/\/i0.wp.com\/cdnoticias.com\/wp-content\/uploads\/2020\/11\/WhatsApp-Image-2020-11-11-at-19.26.48.jpeg?resize=800%2C800&#038;ssl=1\" alt=\"\" width=\"800\" height=\"800\" srcset=\"https:\/\/i0.wp.com\/cdnoticias.com\/wp-content\/uploads\/2020\/11\/WhatsApp-Image-2020-11-11-at-19.26.48.jpeg?resize=1024%2C1024&amp;ssl=1 1024w, https:\/\/i0.wp.com\/cdnoticias.com\/wp-content\/uploads\/2020\/11\/WhatsApp-Image-2020-11-11-at-19.26.48.jpeg?resize=150%2C150&amp;ssl=1 150w, https:\/\/i0.wp.com\/cdnoticias.com\/wp-content\/uploads\/2020\/11\/WhatsApp-Image-2020-11-11-at-19.26.48.jpeg?resize=300%2C300&amp;ssl=1 300w, https:\/\/i0.wp.com\/cdnoticias.com\/wp-content\/uploads\/2020\/11\/WhatsApp-Image-2020-11-11-at-19.26.48.jpeg?resize=768%2C768&amp;ssl=1 768w, https:\/\/i0.wp.com\/cdnoticias.com\/wp-content\/uploads\/2020\/11\/WhatsApp-Image-2020-11-11-at-19.26.48.jpeg?w=1280&amp;ssl=1 1280w\" sizes=\"auto, (max-width: 800px) 100vw, 800px\" \/><\/p>\n<p>&nbsp;<\/p>\n<p>Sobre el estado actual del Hospital Municipal \u201cDr. H\u00e9ctor Cura\u201d, se indic\u00f3 que<strong> hay 9 pacientes en Unidad de Terapia Intensiva y 28 en Cuidados Generales.<\/strong> Asimismo, las autoridades sanitarias informaron que no hay internados en el sector de Pediatr\u00eda.<\/p>\n<p>&nbsp;<\/p>\n<p>En este sentido, desde la Secretar\u00eda de Salud Municipal aseguraron que el 88% de los casos positivos corresponden a personas con menos de 60 a\u00f1os y el 12% a mayores de 60 a\u00f1os.<\/p>\n","protected":false},"excerpt":{"rendered":"<p>&nbsp; De la cifra total, 7 corresponden al Programa RTA. Adem\u00e1s, 60 pacientes recibieron el alta m\u00e9dica. Hay 9 pacientes<\/p>\n","protected":false},"author":5,"featured_media":6085,"comment_status":"closed","ping_status":"closed","sticky":false,"template":"","format":"standard","meta":{"_jetpack_memberships_contains_paid_content":false,"footnotes":""},"categories":[5,1],"tags":[],"class_list":["post-6235","post","type-post","status-publish","format-standard","has-post-thumbnail","hentry","category-informacion-general","category-portada"],"jetpack_featured_media_url":"https:\/\/i0.wp.com\/cdnoticias.com\/wp-content\/uploads\/2020\/11\/Salud-Rta-Territorial-n%C2%B0-4-1024x682.jpg?fit=1024%2C682&ssl=1","jetpack_sharing_enabled":true,"_links":{"self":[{"href":"https:\/\/cdnoticias.com\/index.php\/wp-json\/wp\/v2\/posts\/6235","targetHints":{"allow":["GET"]}}],"collection":[{"href":"https:\/\/cdnoticias.com\/index.php\/wp-json\/wp\/v2\/posts"}],"about":[{"href":"https:\/\/cdnoticias.com\/index.php\/wp-json\/wp\/v2\/types\/post"}],"author":[{"embeddable":true,"href":"https:\/\/cdnoticias.com\/index.php\/wp-json\/wp\/v2\/users\/5"}],"replies":[{"embeddable":true,"href":"https:\/\/cdnoticias.com\/index.php\/wp-json\/wp\/v2\/comments?post=6235"}],"version-history":[{"count":0,"href":"https:\/\/cdnoticias.com\/index.php\/wp-json\/wp\/v2\/posts\/6235\/revisions"}],"wp:featuredmedia":[{"embeddable":true,"href":"https:\/\/cdnoticias.com\/index.php\/wp-json\/wp\/v2\/media\/6085"}],"wp:attachment":[{"href":"https:\/\/cdnoticias.com\/index.php\/wp-json\/wp\/v2\/media?parent=6235"}],"wp:term":[{"taxonomy":"category","embeddable":true,"href":"https:\/\/cdnoticias.com\/index.php\/wp-json\/wp\/v2\/categories?post=6235"},{"taxonomy":"post_tag","embeddable":true,"href":"https:\/\/cdnoticias.com\/index.php\/wp-json\/wp\/v2\/tags?post=6235"}],"curies":[{"name":"wp","href":"https:\/\/api.w.org\/{rel}","templated":true}]}}