{"id":623,"date":"2020-09-02T20:01:49","date_gmt":"2020-09-02T23:01:49","guid":{"rendered":"http:\/\/www.centraldenoticias.com.ar\/?p=623"},"modified":"2020-09-02T20:47:53","modified_gmt":"2020-09-02T23:47:53","slug":"convocan-a-una-caravana-en-apoyo-al-sector-turistico-y-hotelero","status":"publish","type":"post","link":"https:\/\/cdnoticias.com\/index.php\/2020\/09\/02\/convocan-a-una-caravana-en-apoyo-al-sector-turistico-y-hotelero\/","title":{"rendered":"Convocan a una caravana en apoyo al sector tur\u00edstico y hotelero"},"content":{"rendered":"<p>Los organizadores del evento detallaron que otros sectores afectados por el reciente cambio de fase se sumar\u00e1n a la movilizaci\u00f3n tambi\u00e9n en reclamo de medidas y de poder abrir sus locales.<\/p>\n<hr \/>\n<p>&nbsp;<\/p>\n<p>En la ma\u00f1ana de este jueves una movilizaci\u00f3n tendr\u00e1 como escenario las calles del centro de la ciudad, donde se <strong>buscar\u00e1 visibilizar tanto el descontento como la preocupaci\u00f3n del sector tur\u00edstico y hotelero ante los graves perjuicios econ\u00f3micos sufridos por las medidas tomadas para mitigar el avance de la pandemia de coronavirus.<\/strong><\/p>\n<p>&nbsp;<\/p>\n<p><strong>\u201cSalvemos al turismo\u201d y \u201c#TurismoA\u00f1oPerdido\u201d son los lemas o consignas de la caravana que fue convocada para las 10.50 en Alsina y Necochea<\/strong>, en pleno centro de la ciudad. Entre los organizadores se encuentran agencias de viajes, transportistas, hoteleros y gastron\u00f3micos, quienes exigen tanto la sanci\u00f3n de una ley por el Gobierno Nacional, a la par de un apoyo en materia impositiva por parte del Ejecutivo Provincial.<\/p>\n<p>&nbsp;<\/p>\n<p>Por \u00faltimo, ante la consulta de Central de Noticias, se refiri\u00f3 que <strong>tambi\u00e9n se plegar\u00edan a la medida propietarios de gimnasios y otras firmas que se vieron afectadas por el reciente cambio de fase ante el crecimiento de casos positivos de coronavirus<\/strong>.<\/p>\n","protected":false},"excerpt":{"rendered":"<p>Los organizadores del evento detallaron que otros sectores afectados por el reciente cambio de fase se sumar\u00e1n a la movilizaci\u00f3n<\/p>\n","protected":false},"author":3,"featured_media":624,"comment_status":"closed","ping_status":"closed","sticky":false,"template":"","format":"standard","meta":{"_jetpack_memberships_contains_paid_content":false,"footnotes":""},"categories":[5,1],"tags":[],"class_list":["post-623","post","type-post","status-publish","format-standard","has-post-thumbnail","hentry","category-informacion-general","category-portada"],"jetpack_featured_media_url":"https:\/\/i0.wp.com\/cdnoticias.com\/wp-content\/uploads\/2020\/09\/caravana.jpg?fit=937%2C606&ssl=1","jetpack_sharing_enabled":true,"_links":{"self":[{"href":"https:\/\/cdnoticias.com\/index.php\/wp-json\/wp\/v2\/posts\/623","targetHints":{"allow":["GET"]}}],"collection":[{"href":"https:\/\/cdnoticias.com\/index.php\/wp-json\/wp\/v2\/posts"}],"about":[{"href":"https:\/\/cdnoticias.com\/index.php\/wp-json\/wp\/v2\/types\/post"}],"author":[{"embeddable":true,"href":"https:\/\/cdnoticias.com\/index.php\/wp-json\/wp\/v2\/users\/3"}],"replies":[{"embeddable":true,"href":"https:\/\/cdnoticias.com\/index.php\/wp-json\/wp\/v2\/comments?post=623"}],"version-history":[{"count":0,"href":"https:\/\/cdnoticias.com\/index.php\/wp-json\/wp\/v2\/posts\/623\/revisions"}],"wp:featuredmedia":[{"embeddable":true,"href":"https:\/\/cdnoticias.com\/index.php\/wp-json\/wp\/v2\/media\/624"}],"wp:attachment":[{"href":"https:\/\/cdnoticias.com\/index.php\/wp-json\/wp\/v2\/media?parent=623"}],"wp:term":[{"taxonomy":"category","embeddable":true,"href":"https:\/\/cdnoticias.com\/index.php\/wp-json\/wp\/v2\/categories?post=623"},{"taxonomy":"post_tag","embeddable":true,"href":"https:\/\/cdnoticias.com\/index.php\/wp-json\/wp\/v2\/tags?post=623"}],"curies":[{"name":"wp","href":"https:\/\/api.w.org\/{rel}","templated":true}]}}