{"id":62274,"date":"2022-08-15T19:01:17","date_gmt":"2022-08-15T22:01:17","guid":{"rendered":"https:\/\/www.centraldenoticias.com.ar\/?p=62274"},"modified":"2022-08-15T19:01:17","modified_gmt":"2022-08-15T22:01:17","slug":"se-realizara-la-muestra-autos-inolvidables","status":"publish","type":"post","link":"https:\/\/cdnoticias.com\/index.php\/2022\/08\/15\/se-realizara-la-muestra-autos-inolvidables\/","title":{"rendered":"Se realizar\u00e1 la muestra &#8220;Autos inolvidables&#8221;"},"content":{"rendered":"<p>Se inaugurar\u00e1 el s\u00e1bado 20 de agosto en el Museo Municipal &#8220;Hermanos Emiliozzi&#8221;.<!--more--><\/p>\n<hr \/>\n<p>&nbsp;<\/p>\n<p>Desde la Subsecretar\u00eda de Cultura y Educaci\u00f3n se inform\u00f3 que una nueva propuesta llegar\u00e1 al <strong>Museo Municipal &#8220;Hermanos Emiliozzi&#8221;.<\/strong><\/p>\n<p>&nbsp;<\/p>\n<p>Se trata de la <strong>muestra &#8220;Autos inolvidables&#8221;,<\/strong> que ser\u00e1 inaugurada el pr\u00f3ximo <strong>s\u00e1bado 20 de agosto a las 16:00.<\/strong><\/p>\n<p>&nbsp;<\/p>\n<p>&#8220;Esta nueva exposici\u00f3n trata de <strong>veh\u00edculos originales con m\u00e1s de 30 a\u00f1os de antig\u00fcedad<\/strong>, en excelente estado de conservaci\u00f3n. <strong>Autos populares fabricados en Argentina<\/strong> y que permanecen en el recuerdo familiar por ser representativos de una \u00e9poca&#8221; se indic\u00f3.<\/p>\n<p>&nbsp;<\/p>\n<p>Adem\u00e1s, se invit\u00f3 a la comunidad a visitar el patio del Museo, el cual se intervino con pinturas de lo que fue el fondo de la casa de Dante Emiliozzi. Este espacio se suma al recorrido habitual y rinde homenaje a nuestros Gringos campeones: Dante y Torcuato Emiliozzi.<\/p>\n<p>&nbsp;<\/p>\n<p>Se recuerda que los horarios de visita son los d\u00edas <strong>mi\u00e9rcoles, jueves, viernes de 9:00 a 18:00; y s\u00e1bado, domingo y feriados de 15:00 a 19:00.<\/strong><\/p>\n","protected":false},"excerpt":{"rendered":"<p>Se inaugurar\u00e1 el s\u00e1bado 20 de agosto en el Museo Municipal &#8220;Hermanos Emiliozzi&#8221;.<\/p>\n","protected":false},"author":6,"featured_media":62275,"comment_status":"closed","ping_status":"closed","sticky":false,"template":"","format":"standard","meta":{"_jetpack_memberships_contains_paid_content":false,"footnotes":""},"categories":[9,1],"tags":[],"class_list":["post-62274","post","type-post","status-publish","format-standard","has-post-thumbnail","hentry","category-cultura","category-portada"],"jetpack_featured_media_url":"https:\/\/i0.wp.com\/cdnoticias.com\/wp-content\/uploads\/2022\/08\/Cultura-Museo-Emiliozzi-2-1024x768-1.jpg?fit=1024%2C768&ssl=1","jetpack_sharing_enabled":true,"_links":{"self":[{"href":"https:\/\/cdnoticias.com\/index.php\/wp-json\/wp\/v2\/posts\/62274","targetHints":{"allow":["GET"]}}],"collection":[{"href":"https:\/\/cdnoticias.com\/index.php\/wp-json\/wp\/v2\/posts"}],"about":[{"href":"https:\/\/cdnoticias.com\/index.php\/wp-json\/wp\/v2\/types\/post"}],"author":[{"embeddable":true,"href":"https:\/\/cdnoticias.com\/index.php\/wp-json\/wp\/v2\/users\/6"}],"replies":[{"embeddable":true,"href":"https:\/\/cdnoticias.com\/index.php\/wp-json\/wp\/v2\/comments?post=62274"}],"version-history":[{"count":0,"href":"https:\/\/cdnoticias.com\/index.php\/wp-json\/wp\/v2\/posts\/62274\/revisions"}],"wp:featuredmedia":[{"embeddable":true,"href":"https:\/\/cdnoticias.com\/index.php\/wp-json\/wp\/v2\/media\/62275"}],"wp:attachment":[{"href":"https:\/\/cdnoticias.com\/index.php\/wp-json\/wp\/v2\/media?parent=62274"}],"wp:term":[{"taxonomy":"category","embeddable":true,"href":"https:\/\/cdnoticias.com\/index.php\/wp-json\/wp\/v2\/categories?post=62274"},{"taxonomy":"post_tag","embeddable":true,"href":"https:\/\/cdnoticias.com\/index.php\/wp-json\/wp\/v2\/tags?post=62274"}],"curies":[{"name":"wp","href":"https:\/\/api.w.org\/{rel}","templated":true}]}}