{"id":62221,"date":"2022-08-13T15:20:32","date_gmt":"2022-08-13T18:20:32","guid":{"rendered":"https:\/\/www.centraldenoticias.com.ar\/?p=62221"},"modified":"2022-08-13T15:20:32","modified_gmt":"2022-08-13T18:20:32","slug":"sebastian-matrella-se-reunio-con-la-mesa-agropecuaria-local","status":"publish","type":"post","link":"https:\/\/cdnoticias.com\/index.php\/2022\/08\/13\/sebastian-matrella-se-reunio-con-la-mesa-agropecuaria-local\/","title":{"rendered":"Sebasti\u00e1n Matrella se reuni\u00f3 con la Mesa Agropecuaria Local"},"content":{"rendered":"<p>El encuentro se llev\u00f3 a cabo este mi\u00e9rcoles. El objetivo fue dialogar sobre un proyecto relacionado con la utilizaci\u00f3n de la georeferenciaci\u00f3n que posee el Partido sobre los establecimientos rurales.<!--more--><\/p>\n<hr \/>\n<p>&nbsp;<\/p>\n<p>El concejal del bloque UCR-Juntos, <strong>Sebasti\u00e1n Matrella,<\/strong> mantuvo una <strong>reuni\u00f3n con la Mesa Agropecuaria Local<\/strong> este mi\u00e9rcoles por la tarde.<\/p>\n<p>&nbsp;<\/p>\n<p>Se indic\u00f3 que &#8220;el<strong> objetivo de dialogar sobre un Proyecto de Ordenanza<\/strong> en el que vienen trabajando desde el espacio<strong>, relacionado con la utilizaci\u00f3n de la georeferenciaci\u00f3n que posee el Partido de Olavarr\u00eda sobre los establecimientos rurales&#8221;.\u00a0<\/strong><\/p>\n<p>&nbsp;<\/p>\n<p>En este sentido, el edil manifest\u00f3 que &#8220;<em>queremos aprovechar toda la informaci\u00f3n y el trabajo que se hizo desde la Municipalidad en georeferenciaci\u00f3n de tranqueras en los campos del Partido con el aporte de la FUNSAGA local y que ser\u00e1 de mucha utilidad para empezar a implementar el sistema&#8221;.<\/em><\/p>\n","protected":false},"excerpt":{"rendered":"<p>El encuentro se llev\u00f3 a cabo este mi\u00e9rcoles. El objetivo fue dialogar sobre un proyecto relacionado con la utilizaci\u00f3n de<\/p>\n","protected":false},"author":6,"featured_media":62222,"comment_status":"closed","ping_status":"closed","sticky":false,"template":"","format":"standard","meta":{"_jetpack_memberships_contains_paid_content":false,"footnotes":""},"categories":[4,1],"tags":[],"class_list":["post-62221","post","type-post","status-publish","format-standard","has-post-thumbnail","hentry","category-politica","category-portada"],"jetpack_featured_media_url":"https:\/\/i0.wp.com\/cdnoticias.com\/wp-content\/uploads\/2022\/08\/IMG-20220811-WA0053.jpg?fit=1280%2C960&ssl=1","jetpack_sharing_enabled":true,"_links":{"self":[{"href":"https:\/\/cdnoticias.com\/index.php\/wp-json\/wp\/v2\/posts\/62221","targetHints":{"allow":["GET"]}}],"collection":[{"href":"https:\/\/cdnoticias.com\/index.php\/wp-json\/wp\/v2\/posts"}],"about":[{"href":"https:\/\/cdnoticias.com\/index.php\/wp-json\/wp\/v2\/types\/post"}],"author":[{"embeddable":true,"href":"https:\/\/cdnoticias.com\/index.php\/wp-json\/wp\/v2\/users\/6"}],"replies":[{"embeddable":true,"href":"https:\/\/cdnoticias.com\/index.php\/wp-json\/wp\/v2\/comments?post=62221"}],"version-history":[{"count":0,"href":"https:\/\/cdnoticias.com\/index.php\/wp-json\/wp\/v2\/posts\/62221\/revisions"}],"wp:featuredmedia":[{"embeddable":true,"href":"https:\/\/cdnoticias.com\/index.php\/wp-json\/wp\/v2\/media\/62222"}],"wp:attachment":[{"href":"https:\/\/cdnoticias.com\/index.php\/wp-json\/wp\/v2\/media?parent=62221"}],"wp:term":[{"taxonomy":"category","embeddable":true,"href":"https:\/\/cdnoticias.com\/index.php\/wp-json\/wp\/v2\/categories?post=62221"},{"taxonomy":"post_tag","embeddable":true,"href":"https:\/\/cdnoticias.com\/index.php\/wp-json\/wp\/v2\/tags?post=62221"}],"curies":[{"name":"wp","href":"https:\/\/api.w.org\/{rel}","templated":true}]}}