{"id":62175,"date":"2022-08-12T16:27:37","date_gmt":"2022-08-12T19:27:37","guid":{"rendered":"https:\/\/www.centraldenoticias.com.ar\/?p=62175"},"modified":"2022-08-12T16:27:37","modified_gmt":"2022-08-12T19:27:37","slug":"sabado-y-domingo-con-feria-de-la-minga","status":"publish","type":"post","link":"https:\/\/cdnoticias.com\/index.php\/2022\/08\/12\/sabado-y-domingo-con-feria-de-la-minga\/","title":{"rendered":"S\u00e1bado y domingo, con feria de La Minga"},"content":{"rendered":"<p>En la plaza del centro, sobre calle Vicente L\u00f3pez, se ubicar\u00e1n los feriantes con su oferta de artesan\u00edas. Se resalt\u00f3 el impulso a \u201cla verdadera econom\u00eda social olavarriense\u201d.<!--more--><\/p>\n<hr \/>\n<p><strong>&#8220;La Minga&#8221; feriar\u00e1 impulsando las ferias a cielo abierto con el lema \u201cApoyemos lo nuestro\u201d<\/strong> en la plaza del centro, sobre calle Vicente L\u00f3pez. La propuesta se har\u00e1 <strong>este s\u00e1bado y domingo de 10 a 20 horas<\/strong>.<\/p>\n<p>&nbsp;<\/p>\n<blockquote><p>\u201cEl objetivo central que nos proponemos en las ferias es fomentar el compre local, el precio justo y el consumo responsable. Como hemos expresado en otras oportunidades, al comprar un producto hecho por manos olavarrienses hacemos algo m\u00e1s que consumir: estamos ayudando a consolidar una econom\u00eda que nos incluye a todos, y fortalecemos el desarrollo econ\u00f3mico local de nuestra comunidad\u201d se destac\u00f3 desde La Minga.<\/p><\/blockquote>\n<p>&nbsp;<\/p>\n<p>Se resalt\u00f3 adem\u00e1s el <strong>impulso a \u201cla verdadera econom\u00eda social olavarriense<\/strong>, acompa\u00f1ando en la actualidad m\u00e1s de 200 experiencias territoriales de emprendedorismo\u201d.<\/p>\n<p>&nbsp;<\/p>\n<p>La elecci\u00f3n de la plaza del centro para el encuentro se explic\u00f3 en que \u201ces un espacio sentido, elegido y estrat\u00e9gicamente fortalecido para la venta de nuestros productos y servicios. Se trata de <strong>espacios de comercializaci\u00f3n en los que emprendedores de la econom\u00eda social ofrecen sus art\u00edculos<\/strong>, los que representan la cultura, la historia, los valores y los saberes con el sello del lugar al que pertenecen\u201d.<\/p>\n<p>&nbsp;<\/p>\n<p>Habr\u00e1 <strong>artesan\u00edas<\/strong>, incluyendo <em>productos textiles, accesorios, marroquiner\u00eda, equipos de mate, art\u00edculos de librer\u00eda, art\u00edculos para mascotas, carpinter\u00eda, alimentos, bijouterie, plantas y plantones, juguetes para ni\u00f1es<\/em>, entre otros.<\/p>\n","protected":false},"excerpt":{"rendered":"<p>En la plaza del centro, sobre calle Vicente L\u00f3pez, se ubicar\u00e1n los feriantes con su oferta de artesan\u00edas. Se resalt\u00f3<\/p>\n","protected":false},"author":4,"featured_media":49205,"comment_status":"closed","ping_status":"closed","sticky":false,"template":"","format":"standard","meta":{"_jetpack_memberships_contains_paid_content":false,"footnotes":""},"categories":[9,1],"tags":[],"class_list":["post-62175","post","type-post","status-publish","format-standard","has-post-thumbnail","hentry","category-cultura","category-portada"],"jetpack_featured_media_url":"https:\/\/i0.wp.com\/cdnoticias.com\/wp-content\/uploads\/2022\/03\/Cultura-Feria-artesanos-2-1024x682-1.jpg?fit=1024%2C682&ssl=1","jetpack_sharing_enabled":true,"_links":{"self":[{"href":"https:\/\/cdnoticias.com\/index.php\/wp-json\/wp\/v2\/posts\/62175","targetHints":{"allow":["GET"]}}],"collection":[{"href":"https:\/\/cdnoticias.com\/index.php\/wp-json\/wp\/v2\/posts"}],"about":[{"href":"https:\/\/cdnoticias.com\/index.php\/wp-json\/wp\/v2\/types\/post"}],"author":[{"embeddable":true,"href":"https:\/\/cdnoticias.com\/index.php\/wp-json\/wp\/v2\/users\/4"}],"replies":[{"embeddable":true,"href":"https:\/\/cdnoticias.com\/index.php\/wp-json\/wp\/v2\/comments?post=62175"}],"version-history":[{"count":0,"href":"https:\/\/cdnoticias.com\/index.php\/wp-json\/wp\/v2\/posts\/62175\/revisions"}],"wp:featuredmedia":[{"embeddable":true,"href":"https:\/\/cdnoticias.com\/index.php\/wp-json\/wp\/v2\/media\/49205"}],"wp:attachment":[{"href":"https:\/\/cdnoticias.com\/index.php\/wp-json\/wp\/v2\/media?parent=62175"}],"wp:term":[{"taxonomy":"category","embeddable":true,"href":"https:\/\/cdnoticias.com\/index.php\/wp-json\/wp\/v2\/categories?post=62175"},{"taxonomy":"post_tag","embeddable":true,"href":"https:\/\/cdnoticias.com\/index.php\/wp-json\/wp\/v2\/tags?post=62175"}],"curies":[{"name":"wp","href":"https:\/\/api.w.org\/{rel}","templated":true}]}}