{"id":62171,"date":"2022-08-12T14:22:37","date_gmt":"2022-08-12T17:22:37","guid":{"rendered":"https:\/\/www.centraldenoticias.com.ar\/?p=62171"},"modified":"2022-08-12T14:22:37","modified_gmt":"2022-08-12T17:22:37","slug":"la-gran-fiesta-de-olavarria-para-celebrar-la-ninez-sera-el-21-de-agosto","status":"publish","type":"post","link":"https:\/\/cdnoticias.com\/index.php\/2022\/08\/12\/la-gran-fiesta-de-olavarria-para-celebrar-la-ninez-sera-el-21-de-agosto\/","title":{"rendered":"La gran fiesta de Olavarr\u00eda para celebrar la ni\u00f1ez ser\u00e1 el 21 de agosto"},"content":{"rendered":"<p>Lo anunci\u00f3 el intendente Ezequiel Galli. En La Rural, de 14 a 18 horas, habr\u00e1 actividades para todas las edades. Juegos, payasos, malabares, maquillaje, talleres, actividades art\u00edsticas y deportivas.<!--more--><\/p>\n<hr \/>\n<p>Este viernes por la ma\u00f1ana, en conferencia de prensa,<strong> se anunci\u00f3 la 40\u00aa Fiesta D\u00eda de la Ni\u00f1ez 2022, que se llevar\u00e1 a cabo el pr\u00f3ximo domingo 21 de agosto<\/strong>, en el predio de la Sociedad Rural.<\/p>\n<p>&nbsp;<\/p>\n<p><strong>Se trata de una nueva edici\u00f3n de esta tradicional fiesta<\/strong> que reunir\u00e1 a todos los ni\u00f1os y ni\u00f1as de Olavarr\u00eda y la regi\u00f3n, organizada conjuntamente entre <strong>MANO (Movimiento a la Alegr\u00eda del Ni\u00f1o Olavarriense) y la Municipalidad de Olavarr\u00eda.<\/strong><\/p>\n<p>&nbsp;<\/p>\n<p>El lanzamiento tuvo lugar en el Sal\u00f3n Blanco y fue encabezado por el<strong> intendente Ezequiel Galli, la presidenta de MANO Fabiana Bahl<\/strong>, <em>el secretario de Desarrollo Humano y Calidad de Vida Diego Robbiani y el subsecretario de Cultura y Educaci\u00f3n Bruno Cenizo<\/em>.<\/p>\n<p>&nbsp;<\/p>\n<p>\u201cGracias a Fabiana y a MANO por acompa\u00f1arnos en este en este anuncio, <strong>es un d\u00eda de mucha alegr\u00eda porque estamos anunciando que vamos a volver a festejar el D\u00eda del Ni\u00f1o<\/strong>\u201d, manifest\u00f3 el intendente Galli.\u00a0\u201cPor la pandemia tuvimos que suspender las dos celebraciones anteriores y es una celebraci\u00f3n que cumple 40 a\u00f1os, nada m\u00e1s y nada menos\u201d, destac\u00f3.<\/p>\n<p>&nbsp;<\/p>\n<p>\u201cSe trata de una celebraci\u00f3n que instaur\u00f3 la ONU hace muchos a\u00f1os y que en distintos pa\u00edses se festeja en distintas fechas, pero <strong>en Olavarr\u00eda se va a realizar el 21 de agosto en la Sociedad Rural, de 14 a 18 horas\u201d<\/strong>, anunci\u00f3.\u00a0\u201cVa a seguir habiendo lo que lo que hab\u00eda siempre los pochoclos, las golosinas, los chocolates, las facturas hechas por el Servicio Penitenciario, van a estar Bomberos, Ej\u00e9rcito\u201d, coment\u00f3.<\/p>\n<p>&nbsp;<\/p>\n<p><img data-recalc-dims=\"1\" loading=\"lazy\" decoding=\"async\" class=\"size-full wp-image-62173 aligncenter\" src=\"https:\/\/i0.wp.com\/cdnoticias.com\/wp-content\/uploads\/2022\/08\/dia-ninez-conferencia1.jpg?resize=800%2C445&#038;ssl=1\" alt=\"\" width=\"800\" height=\"445\" srcset=\"https:\/\/i0.wp.com\/cdnoticias.com\/wp-content\/uploads\/2022\/08\/dia-ninez-conferencia1.jpg?w=800&amp;ssl=1 800w, https:\/\/i0.wp.com\/cdnoticias.com\/wp-content\/uploads\/2022\/08\/dia-ninez-conferencia1.jpg?resize=300%2C167&amp;ssl=1 300w, https:\/\/i0.wp.com\/cdnoticias.com\/wp-content\/uploads\/2022\/08\/dia-ninez-conferencia1.jpg?resize=768%2C427&amp;ssl=1 768w\" sizes=\"auto, (max-width: 800px) 100vw, 800px\" \/><\/p>\n<p>&nbsp;<\/p>\n<p>\u201cLa fiesta se desarrollar\u00e1 en <strong>tres escenarios con distintos espect\u00e1culos<\/strong>, maquilladoras, payasos, mimos, malabaristas\u201d, agreg\u00f3.\u00a0\u201cRealmente es una interesante propuesta para celebrar el D\u00eda del Ni\u00f1o como los chicos se merecen, y por eso dec\u00eda que era un d\u00eda de mucha alegr\u00eda\u201d, sostuvo Galli.<\/p>\n<p>&nbsp;<\/p>\n<p><strong>\u201cEs una celebraci\u00f3n que nos tiene acostumbrados a tener una gran convocatoria<\/strong>. Esperemos que este a\u00f1o sea tambi\u00e9n de esa manera, que nos acompa\u00f1en todas las familias olavarrienses para poder celebrar todos juntos este gran D\u00eda del Ni\u00f1o\u201d, expres\u00f3.<\/p>\n<p>&nbsp;<\/p>\n<p><strong>Fabiana Bahl, en representaci\u00f3n de MANO,<\/strong> dijo que \u201cqueremos agradecer obviamente a Bruno (Cenizo), con quien que me ha tocado trabajar este a\u00f1o y molestarlo varias veces, a Diego (Robbiani) y agradecer profundamente a todo el equipo de Cultura (Beatriz, Laureano, Sara, Mariano), quienes siempre est\u00e1n para ayudarme y para sacar esta fiesta adelante\u201d. <strong>\u201cNo fue f\u00e1cil dos a\u00f1os organizar esta fiesta despu\u00e9s de la pandemia, volver a hacer este evento,<\/strong> que es totalmente gratuito, <strong>la familia entera puede llegar a la Sociedad Rural sin necesidad de gastar dinero<\/strong> dentro de lo que es la fiesta\u201d, resalt\u00f3 Fabiana.<\/p>\n<p>&nbsp;<\/p>\n<p><strong>\u201cEste a\u00f1o hemos tenido muchas propuestas locales que tambi\u00e9n hay que reivindicar.<\/strong> Como dijo Ezequiel va a haber tres escenarios, pero tambi\u00e9n van a haber espect\u00e1culos itinerantes durante toda la tarde en la Sociedad Rural\u201d.<\/p>\n<p>&nbsp;<\/p>\n<p><img data-recalc-dims=\"1\" loading=\"lazy\" decoding=\"async\" class=\"size-full wp-image-29678 aligncenter\" src=\"https:\/\/i0.wp.com\/cdnoticias.com\/wp-content\/uploads\/2021\/08\/dia-del-ni%C3%B1o.jpg?resize=800%2C445&#038;ssl=1\" alt=\"\" width=\"800\" height=\"445\" srcset=\"https:\/\/i0.wp.com\/cdnoticias.com\/wp-content\/uploads\/2021\/08\/dia-del-ni%C3%B1o.jpg?w=800&amp;ssl=1 800w, https:\/\/i0.wp.com\/cdnoticias.com\/wp-content\/uploads\/2021\/08\/dia-del-ni%C3%B1o.jpg?resize=300%2C167&amp;ssl=1 300w, https:\/\/i0.wp.com\/cdnoticias.com\/wp-content\/uploads\/2021\/08\/dia-del-ni%C3%B1o.jpg?resize=768%2C427&amp;ssl=1 768w\" sizes=\"auto, (max-width: 800px) 100vw, 800px\" \/><\/p>\n<p>&nbsp;<\/p>\n<p><strong>\u201cPara MANO, estos 40 a\u00f1os nos remiten al himno de John Lennon \u201cImagine\u201d<\/strong>, todos disfrutando bajo el mismo cielo, sin distinci\u00f3n de clases sociales, de religiones, sin distinci\u00f3n de ning\u00fan tipo. Nosotros nos hemos propuesto como organizaci\u00f3n que toda pueda disfrutar, tenemos la suerte de tener un predio como el de la Sociedad Rural y de tener el acompa\u00f1amiento del Municipio\u201d, a\u00f1adi\u00f3.<\/p>\n<p>&nbsp;<\/p>\n<p>Para el final de la conferencia, Bruno Cenizo (subsecretario de Cultura y Educaci\u00f3n) puso en valor el trabajo de Cultura, Deportes, Regimiento y Bomberos.<\/p>\n<p>&nbsp;<\/p>\n<p>El funcionario municipal agreg\u00f3 el <strong>recorrido gratuito de colectivos que dispondr\u00e1 en la ciudad y en las localidades<\/strong> del Partido de Olavarr\u00eda \u201cpara que ese d\u00eda puedan ir gratuitamente los ni\u00f1os que viven en las localidades o un poquito m\u00e1s alejados. Los recorridos b\u00e1sicamente se iniciar\u00e1n en Colonia San Miguel pasando por Sierras Bayas, otro que pasa por Hinojo, Colonia Hinojo y Sierra Chica y un tercero de Loma Negra, pasando por AOMA y por la Escuela Agropecuaria, y las l\u00edneas urbanas en la ciudad, que van a salir del barrio Lourdes, Parque Eseverri y distintos puntos de la ciudad\u201d.<\/p>\n<p>&nbsp;<\/p>\n<p><strong>\u201cVa a ser un gran d\u00eda despu\u00e9s de dos a\u00f1os sin poder festejar, va ser un gran d\u00eda pensado para que ni\u00f1os y ni\u00f1as<\/strong> lo celebren como se lo merecen, as\u00ed que trataremos de estar a la altura de lo que ellos piden\u201d, concluy\u00f3.<\/p>\n<p>&nbsp;<\/p>\n<p>La jornada se iniciar\u00e1 a las 14 horas y est\u00e1 previsto que finalice alrededor de las 18 horas, con una interesante propuesta de actividades que incluye juegos inflables, maquillaje art\u00edstico, payasos y malabaristas, estatuas vivientes, mimos, parkur, talleres de concientizaci\u00f3n ambiental, talleres de percusi\u00f3n con materiales reciclables, talleres art\u00edsticos, juegos deportivos, una exposici\u00f3n est\u00e1tica y juegos organizados por el Regimiento de Caballer\u00eda Tanques 2 \u201cLanceros Gral Paz\u201d y una maravillosa exhibici\u00f3n de los Bomberos Voluntarios.<\/p>\n<p>&nbsp;<\/p>\n<p><img data-recalc-dims=\"1\" loading=\"lazy\" decoding=\"async\" class=\"size-large wp-image-29666 aligncenter\" src=\"https:\/\/i0.wp.com\/cdnoticias.com\/wp-content\/uploads\/2021\/08\/IMG-20210814-WA0030.jpg?resize=800%2C600&#038;ssl=1\" alt=\"\" width=\"800\" height=\"600\" srcset=\"https:\/\/i0.wp.com\/cdnoticias.com\/wp-content\/uploads\/2021\/08\/IMG-20210814-WA0030.jpg?resize=1024%2C768&amp;ssl=1 1024w, https:\/\/i0.wp.com\/cdnoticias.com\/wp-content\/uploads\/2021\/08\/IMG-20210814-WA0030.jpg?resize=300%2C225&amp;ssl=1 300w, https:\/\/i0.wp.com\/cdnoticias.com\/wp-content\/uploads\/2021\/08\/IMG-20210814-WA0030.jpg?resize=768%2C576&amp;ssl=1 768w, https:\/\/i0.wp.com\/cdnoticias.com\/wp-content\/uploads\/2021\/08\/IMG-20210814-WA0030.jpg?w=1600&amp;ssl=1 1600w\" sizes=\"auto, (max-width: 800px) 100vw, 800px\" \/><\/p>\n<p>&nbsp;<\/p>\n<p>Los espect\u00e1culos art\u00edsticos se desarrollar\u00e1n sobre tres escenarios distribuidos en diferentes espacios del predio, y dentro del pabell\u00f3n Igui\u00f1iz se desarrollar\u00e1n talleres y actividades organizadas por las Escuelas de Art\u00edstica Municipal.<\/p>\n<p>&nbsp;<\/p>\n<p>Todos los ni\u00f1os y ni\u00f1as podr\u00e1n disfrutar de golosinas, pochoclos y del tradicional chocolate y las facturas elaboradas por el Servicio Penitenciario Provincial.<\/p>\n<p>&nbsp;<\/p>\n<blockquote><p>\u201cDe todo coraz\u00f3n, esperamos que sea un r\u00e9cord de asistentes, no s\u00f3lo de ni\u00f1os, sino de aquellos ni\u00f1os que transitamos los 30, 40, 50, 60 o m\u00e1s. Todos llevamos un ni\u00f1o dentro. Muchas gracias y a disfrutar de esta fiesta, la gran fiesta de Olavarr\u00eda para todos los ni\u00f1os\u201d, concluy\u00f3.<\/p><\/blockquote>\n<p>&nbsp;<\/p>\n<p>Los<strong> espect\u00e1culos art\u00edsticos se desarrollar\u00e1n<\/strong> sobre tres escenarios distribuidos en diferentes espacios del predio:<\/p>\n<p>&nbsp;<\/p>\n<p><strong>Escenario 1 (principal)<\/strong><\/p>\n<ul>\n<li>14:00 hs. Apertura<\/li>\n<li>14:30 hs. Presentaci\u00f3n del grupo musical \u201cLas Rockeristicas\u201d<\/li>\n<li>15:30 hs. Presentaci\u00f3n de la compa\u00f1\u00eda de teatro\/circo Mejunje<\/li>\n<li>16:30hs: Demostraci\u00f3n de parkur (Naturalfit)<\/li>\n<li>17:00 hs. Presentaci\u00f3n de la banda \u201cLas Corbatas\u201d<\/li>\n<li>18 hs. Cierre de la fiesta.<\/li>\n<\/ul>\n<p>&nbsp;<\/p>\n<p><strong>Escenario 2 (predio)<\/strong><\/p>\n<ul>\n<li>14:15 hs. Ensamble de rock infantil Escuela Municipal de M\u00fasica \u201cHnos. Rossi\u201d.<\/li>\n<li>14:30 hs. Ensamble de rock juvenil Escuela Municipal de M\u00fasica \u201cHnos. Rossi\u201d.<\/li>\n<li>15:00 hs. Espect\u00e1culo a cargo de Caty Weslate.<\/li>\n<li>16:00 hs. Espect\u00e1culo de t\u00edteres a cargo de Compa\u00f1\u00eda \u201cLa Valija\u201d de Beto Melendi.<\/li>\n<\/ul>\n<p>&nbsp;<\/p>\n<p><strong>Escenario 3 (exterior Pabell\u00f3n Igui\u00f1iz)<\/strong><\/p>\n<ul>\n<li>14:30 hs. Presentaci\u00f3n Escuela Municipal de Danzas con las disciplinas de: tango, folklore ni\u00f1os, ritmos urbanos, alem\u00e1n y folklore (Extensi\u00f3n NIDO El progreso y Escuela N\u00ba 6).<\/li>\n<li>15:30 hs. Presentaci\u00f3n Escuela de Art\u00edstica Integrada, junto a la Escuela Municipal de Teatro.<\/li>\n<li>16:30 hs. Espect\u00e1culo a cargo de Mechongu\u00e9<\/li>\n<\/ul>\n<p>&nbsp;<\/p>\n<p>Asimismo, <strong>dentro del pabell\u00f3n Igui\u00f1iz se desarrollar\u00e1n talleres y actividades<\/strong> organizadas por: Escuela Municipal de Ajedrez (taller de ajedrez), Museo Municipal de Ciencias (juegos did\u00e1cticos), Atenci\u00f3n Primaria de la Salud (juegos de concientizaci\u00f3n) y Escuela Municipal de Artes Pl\u00e1sticas, Escuela Municipal de Orfebrer\u00eda, Escuela Municipal de Cer\u00e1mica, Escuela Literaria Municipal \u201cAlfonsina\u201d, Taller de arte a cargo de Mar\u00eda Elena Pintos (construcci\u00f3n de m\u00e1scaras de carnaval) y ajedrez y yenga gigante.<\/p>\n<p>&nbsp;<\/p>\n<p>Se brindar\u00e1 el <strong>tradicional chocolate y las facturas<\/strong> elaboradas por el Servicio Penitenciario Provincial como todos los a\u00f1os. Adem\u00e1s de golosinas, pochoclos y copos de nieve.<\/p>\n<p>&nbsp;<\/p>\n<p><strong>Recorridos gratuitos de colectivos<\/strong><\/p>\n<p>&nbsp;<\/p>\n<p>13:20 horas:<\/p>\n<ul>\n<li>Del Valle y Pellegrini \/ Del Valle y Urquiza\/ B. Fonavi (Del Valle y Amparo Castro).<\/li>\n<li>Jard\u00edn (Trabajadores y Saavedra) \/ CECO II \/ Servicio Territorial Municipal N\u00ba4 (H. Irigoyen y Berutti) \/ Sociedad De Fomento Belgrano (Urquiza y Balcarce).<\/li>\n<li>Puente Emiliozzi\/ Jard\u00edn de Infantes Bel\u00e9n\/ Rotonda Matadero- Isaura.<\/li>\n<\/ul>\n<p>&nbsp;<\/p>\n<p>13:30 horas:<\/p>\n<ul>\n<li>Parque Helios Eseverri (Trabajadores y Lavalle) \/ Servicio Territorial Municipal N\u00ba1 (Esc.N\u00ba6) \/ Alberdi y Sarmiento\/ B. Lourdes\/ B. Trabajadores.<\/li>\n<li>Servicio Territorial Municipal N\u00ba 2 (Alberdi y Hornos) \/ Barrio 104 (Pueyrred\u00f3n e Ituzaing\u00f3).<\/li>\n<li>Barrio CECO I (Escuela N\u00ba 80) \/ B. Bancario (Avellaneda y Urquiza) \/ Avellaneda y Aguilar.<\/li>\n<li>Villa Magdalena (Circunvalaci\u00f3n y San Mart\u00edn) \/ B. Acupo I (Iglesia Del Carmen) \/ Plaza Central (Rivadavia y San Mart\u00edn)<\/li>\n<\/ul>\n<p>&nbsp;<\/p>\n<p>Localidades<\/p>\n<p>&nbsp;<\/p>\n<p>13:00 horas:<\/p>\n<ul>\n<li>Colonia San Miguel: Plaza Colonia San Miguel (25 de Mayo y San Mart\u00edn) \u2013 Sierras Bayas: Terminal de \u00d3mnibus.<\/li>\n<li>Hinojo: Plaza Central (Bazterrica 1769)- Colonia Hinojo: Sal\u00f3n Parroquial (Av. Fundadores y Scharle) y Sierra Chica: Escuela Primaria N\u00ba 2 (Av. Pedro Iriart Legorburu s\/n).<\/li>\n<li>Loma Negra: Plaza Central (Av. 25 de Mayo y Av. Libertad) \u2013 Barrio AOMA (parada de \u00f3mnibus)\/ Escuela Agropecuaria (parada de \u00f3mnibus).<\/li>\n<\/ul>\n<p>&nbsp;<\/p>\n","protected":false},"excerpt":{"rendered":"<p>Lo anunci\u00f3 el intendente Ezequiel Galli. En La Rural, de 14 a 18 horas, habr\u00e1 actividades para todas las edades.<\/p>\n","protected":false},"author":4,"featured_media":62172,"comment_status":"closed","ping_status":"closed","sticky":false,"template":"","format":"standard","meta":{"_jetpack_memberships_contains_paid_content":false,"footnotes":""},"categories":[9,1],"tags":[],"class_list":["post-62171","post","type-post","status-publish","format-standard","has-post-thumbnail","hentry","category-cultura","category-portada"],"jetpack_featured_media_url":"https:\/\/i0.wp.com\/cdnoticias.com\/wp-content\/uploads\/2022\/08\/dia-ninez-conferencia.jpg?fit=800%2C445&ssl=1","jetpack_sharing_enabled":true,"_links":{"self":[{"href":"https:\/\/cdnoticias.com\/index.php\/wp-json\/wp\/v2\/posts\/62171","targetHints":{"allow":["GET"]}}],"collection":[{"href":"https:\/\/cdnoticias.com\/index.php\/wp-json\/wp\/v2\/posts"}],"about":[{"href":"https:\/\/cdnoticias.com\/index.php\/wp-json\/wp\/v2\/types\/post"}],"author":[{"embeddable":true,"href":"https:\/\/cdnoticias.com\/index.php\/wp-json\/wp\/v2\/users\/4"}],"replies":[{"embeddable":true,"href":"https:\/\/cdnoticias.com\/index.php\/wp-json\/wp\/v2\/comments?post=62171"}],"version-history":[{"count":0,"href":"https:\/\/cdnoticias.com\/index.php\/wp-json\/wp\/v2\/posts\/62171\/revisions"}],"wp:featuredmedia":[{"embeddable":true,"href":"https:\/\/cdnoticias.com\/index.php\/wp-json\/wp\/v2\/media\/62172"}],"wp:attachment":[{"href":"https:\/\/cdnoticias.com\/index.php\/wp-json\/wp\/v2\/media?parent=62171"}],"wp:term":[{"taxonomy":"category","embeddable":true,"href":"https:\/\/cdnoticias.com\/index.php\/wp-json\/wp\/v2\/categories?post=62171"},{"taxonomy":"post_tag","embeddable":true,"href":"https:\/\/cdnoticias.com\/index.php\/wp-json\/wp\/v2\/tags?post=62171"}],"curies":[{"name":"wp","href":"https:\/\/api.w.org\/{rel}","templated":true}]}}