{"id":62163,"date":"2022-08-12T12:21:17","date_gmt":"2022-08-12T15:21:17","guid":{"rendered":"https:\/\/www.centraldenoticias.com.ar\/?p=62163"},"modified":"2022-08-12T12:21:17","modified_gmt":"2022-08-12T15:21:17","slug":"estaba-en-el-club-embajadores-no-le-arranco-la-moto-y-lo-capturaron","status":"publish","type":"post","link":"https:\/\/cdnoticias.com\/index.php\/2022\/08\/12\/estaba-en-el-club-embajadores-no-le-arranco-la-moto-y-lo-capturaron\/","title":{"rendered":"Estaba en el Club Embajadores, no le arranc\u00f3 la moto y lo capturaron"},"content":{"rendered":"<p>Otra persona que lo acompa\u00f1a alcanz\u00f3 a huir. La moto fue secuestrada.<\/p>\n<p><!--more--><\/p>\n<hr \/>\n<p><strong>Un hombre fue acusado por \u201cviolaci\u00f3n de domicilio\u201d<\/strong> al ser hallado en el predio del Club Embajadores y fue aprehendido.<\/p>\n<p>&nbsp;<\/p>\n<p>Seg\u00fan se dio a conocer, tras un llamado al 911 que denunci\u00f3 la <strong>presencia de dos hombres en las instalaciones deportivas de Avellaneda e Independencia<\/strong>, el personal del CPO se acerc\u00f3 al sector.<\/p>\n<p>&nbsp;<\/p>\n<p>Al arribar observaron que <strong>dos personas intentaban retirarse del club en moto, pero el rodado no arrancaba<\/strong>.<\/p>\n<p>&nbsp;<\/p>\n<p><img data-recalc-dims=\"1\" loading=\"lazy\" decoding=\"async\" class=\"size-full wp-image-62165 aligncenter\" src=\"https:\/\/i0.wp.com\/cdnoticias.com\/wp-content\/uploads\/2022\/08\/aprehendido-club-embajadores-0.jpg?resize=800%2C445&#038;ssl=1\" alt=\"\" width=\"800\" height=\"445\" srcset=\"https:\/\/i0.wp.com\/cdnoticias.com\/wp-content\/uploads\/2022\/08\/aprehendido-club-embajadores-0.jpg?w=800&amp;ssl=1 800w, https:\/\/i0.wp.com\/cdnoticias.com\/wp-content\/uploads\/2022\/08\/aprehendido-club-embajadores-0.jpg?resize=300%2C167&amp;ssl=1 300w, https:\/\/i0.wp.com\/cdnoticias.com\/wp-content\/uploads\/2022\/08\/aprehendido-club-embajadores-0.jpg?resize=768%2C427&amp;ssl=1 768w\" sizes=\"auto, (max-width: 800px) 100vw, 800px\" \/><\/p>\n<p>&nbsp;<\/p>\n<p>En ese marco, <strong>uno de ellos emprendi\u00f3 la fuga a pie y se perdi\u00f3 de vista en la oscuridad<\/strong>.<\/p>\n<p>&nbsp;<\/p>\n<p><strong>El segundo, de 27 a\u00f1os, fue reducido y aprehendido<\/strong>. Se aclar\u00f3 que no portaba elementos consigo.\u00a0La moto, Corven Triax dominio A150SNP, negra y blanca, fue secuestrada.<\/p>\n<p>&nbsp;<\/p>\n<p>El acusado y el veh\u00edculo fueron trasladado a la comisar\u00eda Primera. Se iniciaron actuaciones por <strong>\u201cviolaci\u00f3n de domicilio\u201d con intervenci\u00f3n de la UFI N\u00ba 10 local<\/strong>.<\/p>\n","protected":false},"excerpt":{"rendered":"<p>Otra persona que lo acompa\u00f1a alcanz\u00f3 a huir. La moto fue secuestrada.<\/p>\n","protected":false},"author":4,"featured_media":62164,"comment_status":"closed","ping_status":"closed","sticky":false,"template":"","format":"standard","meta":{"_jetpack_memberships_contains_paid_content":false,"footnotes":""},"categories":[14,1],"tags":[],"class_list":["post-62163","post","type-post","status-publish","format-standard","has-post-thumbnail","hentry","category-policiales","category-portada"],"jetpack_featured_media_url":"https:\/\/i0.wp.com\/cdnoticias.com\/wp-content\/uploads\/2022\/08\/aprehendido-club-embajadores-1.jpg?fit=800%2C446&ssl=1","jetpack_sharing_enabled":true,"_links":{"self":[{"href":"https:\/\/cdnoticias.com\/index.php\/wp-json\/wp\/v2\/posts\/62163","targetHints":{"allow":["GET"]}}],"collection":[{"href":"https:\/\/cdnoticias.com\/index.php\/wp-json\/wp\/v2\/posts"}],"about":[{"href":"https:\/\/cdnoticias.com\/index.php\/wp-json\/wp\/v2\/types\/post"}],"author":[{"embeddable":true,"href":"https:\/\/cdnoticias.com\/index.php\/wp-json\/wp\/v2\/users\/4"}],"replies":[{"embeddable":true,"href":"https:\/\/cdnoticias.com\/index.php\/wp-json\/wp\/v2\/comments?post=62163"}],"version-history":[{"count":0,"href":"https:\/\/cdnoticias.com\/index.php\/wp-json\/wp\/v2\/posts\/62163\/revisions"}],"wp:featuredmedia":[{"embeddable":true,"href":"https:\/\/cdnoticias.com\/index.php\/wp-json\/wp\/v2\/media\/62164"}],"wp:attachment":[{"href":"https:\/\/cdnoticias.com\/index.php\/wp-json\/wp\/v2\/media?parent=62163"}],"wp:term":[{"taxonomy":"category","embeddable":true,"href":"https:\/\/cdnoticias.com\/index.php\/wp-json\/wp\/v2\/categories?post=62163"},{"taxonomy":"post_tag","embeddable":true,"href":"https:\/\/cdnoticias.com\/index.php\/wp-json\/wp\/v2\/tags?post=62163"}],"curies":[{"name":"wp","href":"https:\/\/api.w.org\/{rel}","templated":true}]}}