{"id":62120,"date":"2022-08-11T18:42:14","date_gmt":"2022-08-11T21:42:14","guid":{"rendered":"https:\/\/www.centraldenoticias.com.ar\/?p=62120"},"modified":"2022-09-10T09:37:10","modified_gmt":"2022-09-10T12:37:10","slug":"bianco-acuso-de-desmemoriado-a-ezequiel-galli-y-otros-intendentes-del-pro","status":"publish","type":"post","link":"https:\/\/cdnoticias.com\/index.php\/2022\/08\/11\/bianco-acuso-de-desmemoriado-a-ezequiel-galli-y-otros-intendentes-del-pro\/","title":{"rendered":"Bianco acus\u00f3 de \u201cdesmemoriado\u201d a Ezequiel Galli y otros intendentes del Pro"},"content":{"rendered":"<p>Es por el comunicado que firm\u00f3 el jefe comunal denunciando \u201cdiscriminaci\u00f3n\u201d por falta de actualizaci\u00f3n en el FIM y el Fondo de Seguridad: \u201cCumplan ustedes con el deber de no enga\u00f1ar al pueblo bonaerense\u201d dijo el Jefe de Asesores. <!--more--><\/p>\n<hr \/>\n<p>Este jueves, tres d\u00edas despu\u00e9s del <a href=\"https:\/\/cdnoticias.com\/index.php\/2022\/08\/08\/intendentes-pro-denunciaron-a-kicillof-por-ajustar-obras-en-municipios-de-juntos\/\" target=\"_blank\" rel=\"noopener\">comunicado de Intendentes del Pro<\/a> denunciando \u201cdiscriminaci\u00f3n\u201d y \u201cajuste en las obras\u201d realizadas con el Fondo de Infraestructura Municipal,<strong> el Jefe de Asesores bonaerense, Carlos Bianco, sali\u00f3 al cruce de los jefes comunales y uno por uno, respondi\u00f3 al reclamo. Entre ellos, se encontraba el intendente de nuestra ciudad, Ezequiel Galli.<\/strong><\/p>\n<p>&nbsp;<\/p>\n<p>En las respuestas a los jefes comunales, tambi\u00e9n aparece Diego Valenzuela (Tres de Febrero), Julio Garro (La Plata), Pablo Petrecca (Jun\u00edn), Mart\u00edn Yeza (Pinamar), N\u00e9stor Grindetti (Lan\u00fas), y Francisco Ratto (San Antonio de Areco).<\/p>\n<p>&nbsp;<\/p>\n<p>A <strong>Galli le se\u00f1al\u00f3 que es \u201cotro de los desmemoriados\u201d<\/strong> dado que <em>\u201cno recuerda algunas de las asistencias del gobierno provincial al municipio de Olavarr\u00eda desde que se inici\u00f3 la gesti\u00f3n de Axel Kicillof (datos de diciembre 2019-mayo 2022). Aqu\u00ed tampoco se observa ninguna discriminaci\u00f3n\u201d.<\/em><\/p>\n<p>&nbsp;<\/p>\n<p>Entre los \u201cacompa\u00f1amientos\u201d <strong>Bianco mencion\u00f3, adem\u00e1s de obras de infraestructura sanitaria<\/strong>,<em> \u201centregamos 2 respiradores, 2 monitores multiparam\u00e9tricos, 2 bombas de infusi\u00f3n, 2 camas de cuidados intensivos y 13 de cuidados intermedios\u201d.<\/em><\/p>\n<p>&nbsp;<\/p>\n<p>Tambi\u00e9n hizo menci\u00f3n a la <strong>asistencia financiera extraordinaria al municipio durante la pandemia<\/strong> que significaron alrededor de $285 millones y<strong> cr\u00e9ditos del BAPRO a PyMEs olavarrienses<\/strong> por $4.326 millones.<\/p>\n<p>&nbsp;<\/p>\n<p>En<strong> seguridad<\/strong>, \u201casignamos 12 patrulleros y 874 polic\u00edas. Se destinaron $22 millones en fondos para el fortalecimiento de la seguridad\u201d mientras que \u201cen inversi\u00f3n en obras de infraestructura: $490 millones\u201d.<\/p>\n<p>&nbsp;<\/p>\n<p>Tambi\u00e9n hizo referencia a las<strong> 62 obras de refacci\u00f3n en escuelas por $247 millones<\/strong> y record\u00f3 la construcci\u00f3n del nuevo edificio del Jard\u00edn de Infantes N\u00ba 928.<\/p>\n<p>&nbsp;<\/p>\n<p>Finalmente, en el repaso, dio cuenta de los $385 millones de pesos en <strong>subsidio al Transporte<\/strong> y $785 millones para 15.836 beneficiarios del<strong> Servicio Alimentario Escolar (SAE).<\/strong><\/p>\n<p>&nbsp;<\/p>\n<p>Bianco dej\u00f3 una reflexi\u00f3n final y \u201cchicane\u00f3\u201d a los intendentes con la misma frase: \u201c<strong><em>el gobernador y su gabinete trabajamos para todas y todos los bonaerenses de los 135 municipios, sin importar qui\u00e9n gobierne cada distrito. Es nuestro deber generar soluciones para todos y todas. Cumplan ustedes con el deber de no enga\u00f1ar al pueblo bonaerense\u201d.<\/em><\/strong><\/p>\n","protected":false},"excerpt":{"rendered":"<p>Es por el comunicado que firm\u00f3 el jefe comunal denunciando \u201cdiscriminaci\u00f3n\u201d por falta de actualizaci\u00f3n en el FIM y el<\/p>\n","protected":false},"author":2,"featured_media":3722,"comment_status":"closed","ping_status":"closed","sticky":false,"template":"","format":"standard","meta":{"_jetpack_memberships_contains_paid_content":false,"footnotes":""},"categories":[4,1],"tags":[],"class_list":["post-62120","post","type-post","status-publish","format-standard","has-post-thumbnail","hentry","category-politica","category-portada"],"jetpack_featured_media_url":"https:\/\/i0.wp.com\/cdnoticias.com\/wp-content\/uploads\/2020\/10\/Galli-Bianco.jpg?fit=800%2C600&ssl=1","jetpack_sharing_enabled":true,"_links":{"self":[{"href":"https:\/\/cdnoticias.com\/index.php\/wp-json\/wp\/v2\/posts\/62120","targetHints":{"allow":["GET"]}}],"collection":[{"href":"https:\/\/cdnoticias.com\/index.php\/wp-json\/wp\/v2\/posts"}],"about":[{"href":"https:\/\/cdnoticias.com\/index.php\/wp-json\/wp\/v2\/types\/post"}],"author":[{"embeddable":true,"href":"https:\/\/cdnoticias.com\/index.php\/wp-json\/wp\/v2\/users\/2"}],"replies":[{"embeddable":true,"href":"https:\/\/cdnoticias.com\/index.php\/wp-json\/wp\/v2\/comments?post=62120"}],"version-history":[{"count":0,"href":"https:\/\/cdnoticias.com\/index.php\/wp-json\/wp\/v2\/posts\/62120\/revisions"}],"wp:featuredmedia":[{"embeddable":true,"href":"https:\/\/cdnoticias.com\/index.php\/wp-json\/wp\/v2\/media\/3722"}],"wp:attachment":[{"href":"https:\/\/cdnoticias.com\/index.php\/wp-json\/wp\/v2\/media?parent=62120"}],"wp:term":[{"taxonomy":"category","embeddable":true,"href":"https:\/\/cdnoticias.com\/index.php\/wp-json\/wp\/v2\/categories?post=62120"},{"taxonomy":"post_tag","embeddable":true,"href":"https:\/\/cdnoticias.com\/index.php\/wp-json\/wp\/v2\/tags?post=62120"}],"curies":[{"name":"wp","href":"https:\/\/api.w.org\/{rel}","templated":true}]}}