{"id":62111,"date":"2022-08-11T17:15:21","date_gmt":"2022-08-11T20:15:21","guid":{"rendered":"https:\/\/www.centraldenoticias.com.ar\/?p=62111"},"modified":"2022-08-12T07:45:08","modified_gmt":"2022-08-12T10:45:08","slug":"fomento-tenia-una-habilitacion-precaria-y-desde-el-cfp-420-negaron-contacto","status":"publish","type":"post","link":"https:\/\/cdnoticias.com\/index.php\/2022\/08\/11\/fomento-tenia-una-habilitacion-precaria-y-desde-el-cfp-420-negaron-contacto\/","title":{"rendered":"Fomento ten\u00eda una habilitaci\u00f3n \u201cprecaria\u201d y desde el IFP 420 negaron contacto"},"content":{"rendered":"<p>Fueron algunos de los datos que destac\u00f3 la concejal Telma Cazot (FdT) en el tratamiento del tema en el Concejo Deliberante. Se aprob\u00f3 un pedido de informe.<!--more--><\/p>\n<hr \/>\n<p>Tal como adelant\u00f3 <strong>Central de Noticias<\/strong>, el Frente de Todos <strong>llev\u00f3 a la sesi\u00f3n de este jueves un proyecto de pedido de informe sobre la situaci\u00f3n de Fomento Disco<\/strong> que apunt\u00f3 tanto al <a href=\"https:\/\/cdnoticias.com\/index.php\/2022\/08\/09\/la-situacion-de-fomento-disco-se-tratara-en-el-concejo-deliberante\/\" target=\"_blank\" rel=\"noopener\">funcionamiento de la sociedad de fomento Pueblo Nuevo como a la habilitaci\u00f3n del local bailable<\/a>.<\/p>\n<p>&nbsp;<\/p>\n<blockquote><p>Telma Cazot, autora del proyecto, fue quien expuso sobre el tema y revel\u00f3 que el boliche Fomento Disco ten\u00eda una \u201chabilitaci\u00f3n precaria y provisoria\u201d y asegur\u00f3 que desde el IFP 420 negaron haber tenido contacto con la sociedad de fomento para la capacitaci\u00f3n del personal de seguridad, tal como se inform\u00f3 d\u00edas pasados. En cuanto al esp\u00edritu de la presentaci\u00f3n del tema en el recinto, expres\u00f3 que al FdT \u201cnos preocupa que pueda ser habilitado nuevamente y en las mismas condiciones que hasta hora\u201d.<\/p><\/blockquote>\n<p>&nbsp;<\/p>\n<p>El proyecto tom\u00f3 como marco lo sucedido en la madrugada del 3 de julio donde un joven result\u00f3 con graves lesiones, tras lo que se inici\u00f3 una causa penal que llev\u00f3 a la detenci\u00f3n de un personal de seguridad del boliche y, con ello, la <a href=\"https:\/\/cdnoticias.com\/index.php\/2022\/07\/07\/galli-revoco-la-habilitacion-del-salon-de-baile-de-fomento-pueblo-nuevo\/\" target=\"_blank\" rel=\"noopener\">revocaci\u00f3n de la habilitaci\u00f3n por parte del Municipio<\/a>. En ese contexto, Cazot coment\u00f3 las<strong> \u201cquejas\u201d de los vecinos por las molestias, da\u00f1os y delitos que padecieron por a\u00f1os en torno al funcionamiento del boliche<\/strong>. A su vez, asegur\u00f3 que recibi\u00f3 tambi\u00e9n <strong>quejas de otros comerciantes del mismo rubro por una \u201ccompetencia desleal porque este boliche estar\u00eda inscripto como una asociaci\u00f3n civil\u201d<\/strong>, y ello conllevar\u00eda menores cargas impositivas y menores controles.<\/p>\n<p>&nbsp;<\/p>\n<p><img data-recalc-dims=\"1\" loading=\"lazy\" decoding=\"async\" class=\"size-large wp-image-46736 aligncenter\" src=\"https:\/\/i0.wp.com\/cdnoticias.com\/wp-content\/uploads\/2022\/02\/OCEBA-coopelectric-telma-cazot-1.jpeg?resize=800%2C591&#038;ssl=1\" alt=\"\" width=\"800\" height=\"591\" srcset=\"https:\/\/i0.wp.com\/cdnoticias.com\/wp-content\/uploads\/2022\/02\/OCEBA-coopelectric-telma-cazot-1.jpeg?resize=1024%2C757&amp;ssl=1 1024w, https:\/\/i0.wp.com\/cdnoticias.com\/wp-content\/uploads\/2022\/02\/OCEBA-coopelectric-telma-cazot-1.jpeg?resize=300%2C222&amp;ssl=1 300w, https:\/\/i0.wp.com\/cdnoticias.com\/wp-content\/uploads\/2022\/02\/OCEBA-coopelectric-telma-cazot-1.jpeg?resize=768%2C568&amp;ssl=1 768w, https:\/\/i0.wp.com\/cdnoticias.com\/wp-content\/uploads\/2022\/02\/OCEBA-coopelectric-telma-cazot-1.jpeg?w=1280&amp;ssl=1 1280w\" sizes=\"auto, (max-width: 800px) 100vw, 800px\" \/><\/p>\n<p>&nbsp;<\/p>\n<p>Cazot indic\u00f3 que \u201cnos llama la atenci\u00f3n que desde hace muchos a\u00f1os la sociedad de fomento s\u00f3lo se ha dedicado al funcionamiento como boliche bailable\u201d y con ello plante\u00f3 acerca del estatuto \u201c\u00bftendr\u00e1 como objeto ser boliche bailable?\u201d. Concluy\u00f3 en que<strong> \u201cac\u00e1 uno ve un negocio comercial\u201d<\/strong> y refiri\u00f3 datos publicados acerca de que<em> \u201cesta sociedad de fomento factura 36 millones de pesos, tienen inscriptos en AFIP cuatro empleados y deben cargas sociales\u201d<\/em>. Luego contrast\u00f3 con <a href=\"https:\/\/cdnoticias.com\/index.php\/2022\/08\/03\/fomento-capacitaran-al-personal-de-seguridad-y-preocupacion-por-la-situacion-laboral\/\" target=\"_blank\" rel=\"noopener\">el dato de 69 empleados que inform\u00f3 la entidad barrial<\/a>.<\/p>\n<p>&nbsp;<\/p>\n<p>En ese marco, la concejal del Frente de Todos cit\u00f3 que en el decreto de revocaci\u00f3n de la habilitaci\u00f3n que firm\u00f3 el intendente el 7 de julio<strong> \u201cdice que la habilitaci\u00f3n era precaria y provisoria\u201d<\/strong>.<\/p>\n<p>&nbsp;<\/p>\n<p>M\u00e1s adelante se refiri\u00f3 al cumplimiento de la ley nacional 26.370 y la ley provincial 13.964 que regula la actividad del personal de seguridad. Con ello Cazot hizo <strong>referencia a los comunicados que emiti\u00f3 la Sociedad de Fomento sobre la capacitaci\u00f3n que se brinda desde la semana pasada a personal de seguridad<\/strong> y otra, informada esta semana, <strong>sobre Pol\u00edticas de G\u00e9nero que brinda la direcci\u00f3n municipal<\/strong>.<\/p>\n<p>&nbsp;<\/p>\n<blockquote><p>Por un lado, Cazot apunt\u00f3 a que \u201cnos da la sensaci\u00f3n, y preocupa al interbloque, que se arma un escenario \u00bfse busca que se habilite nuevamente? Los vecinos no quieren que se habilite de esta manera, porque est\u00e1n cansados hace a\u00f1os\u201d.<\/p><\/blockquote>\n<p>&nbsp;<\/p>\n<p>Por otro lado, coment\u00f3 que <strong>ella misma tiene relaci\u00f3n con el IFP 420<\/strong>, autorizado por el Ministerio de Educaci\u00f3n provincial para dar capacitaciones a personal de seguridad, y que <strong>\u201cel director me dijo que no hay tratativas ni comunicaci\u00f3n con la Sociedad de Fomento Pueblo Nuevo<\/strong>. El curso que se dicta, no es el que dicta la instituci\u00f3n\u201d.<\/p>\n<p>&nbsp;<\/p>\n<p>La concejal Bel\u00e9n Vergel (UCR-Juntos) propuso agregar al pedido de informe un item para consultar sobre el sistema de vigilancia por c\u00e1maras, el cual fue aceptado.<\/p>\n<p>&nbsp;<\/p>\n<p>El pedido de informe <strong>se aprob\u00f3 por unanimidad<\/strong>.<\/p>\n<p>&nbsp;<\/p>\n<p><strong>Iluminaci\u00f3n<\/strong><\/p>\n<p>&nbsp;<\/p>\n<p>Otro de los proyectos que se debati\u00f3 y aprob\u00f3 fue el referido a <strong>\u201cobras de luminaria p\u00fablica en barrios determinados\u201d<\/strong> y al <a href=\"https:\/\/cdnoticias.com\/index.php\/2022\/08\/10\/el-frente-de-todos-pedira-por-iluminacion-en-sectores-de-la-ciudad-que-ya-lo-solicitaron\/\" target=\"_blank\" rel=\"noopener\">\u201ccumplimiento de resoluciones en materia de luminaria p\u00fablica\u201d<\/a>.<\/p>\n<p>&nbsp;<\/p>\n<p><img data-recalc-dims=\"1\" loading=\"lazy\" decoding=\"async\" class=\"size-full wp-image-42549 aligncenter\" src=\"https:\/\/i0.wp.com\/cdnoticias.com\/wp-content\/uploads\/2021\/12\/Mercedes-Land%C3%ADvar-Frente-de-Todos.jpg?resize=800%2C445&#038;ssl=1\" alt=\"\" width=\"800\" height=\"445\" srcset=\"https:\/\/i0.wp.com\/cdnoticias.com\/wp-content\/uploads\/2021\/12\/Mercedes-Land%C3%ADvar-Frente-de-Todos.jpg?w=800&amp;ssl=1 800w, https:\/\/i0.wp.com\/cdnoticias.com\/wp-content\/uploads\/2021\/12\/Mercedes-Land%C3%ADvar-Frente-de-Todos.jpg?resize=300%2C167&amp;ssl=1 300w, https:\/\/i0.wp.com\/cdnoticias.com\/wp-content\/uploads\/2021\/12\/Mercedes-Land%C3%ADvar-Frente-de-Todos.jpg?resize=768%2C427&amp;ssl=1 768w\" sizes=\"auto, (max-width: 800px) 100vw, 800px\" \/><\/p>\n<p>&nbsp;<\/p>\n<p>La presidenta del bloque, Mercedes Landivar, expuso que se trat\u00f3 de una<strong> iniciativa originada \u201ccuando tomamos conocimiento de la inversi\u00f3n de m\u00e1s de 30 millones en luminarias LED\u201d<\/strong> para cambiar los equipos en los barrios San Vicente y Pueblo Nuevo. \u201cBienvenido para esos vecinos\u201d, dijo y pas\u00f3 a referirse a los sectores que \u201ca\u00fan no cuentan con servicio de alumbrado\u201d.<\/p>\n<p>&nbsp;<\/p>\n<blockquote><p>\u201cQueremos que toda la ciudad tenga luminaria LED. Lo que no queremos es que haya ciudadanos de primera y de segunda\u201d defini\u00f3.<\/p><\/blockquote>\n<p>&nbsp;<\/p>\n<p>La resoluci\u00f3n termin\u00f3 <strong>aprobada por unanimidad<\/strong>.<\/p>\n","protected":false},"excerpt":{"rendered":"<p>Fueron algunos de los datos que destac\u00f3 la concejal Telma Cazot (FdT) en el tratamiento del tema en el Concejo<\/p>\n","protected":false},"author":4,"featured_media":61528,"comment_status":"closed","ping_status":"closed","sticky":false,"template":"","format":"standard","meta":{"_jetpack_memberships_contains_paid_content":false,"footnotes":""},"categories":[4,1],"tags":[],"class_list":["post-62111","post","type-post","status-publish","format-standard","has-post-thumbnail","hentry","category-politica","category-portada"],"jetpack_featured_media_url":"https:\/\/i0.wp.com\/cdnoticias.com\/wp-content\/uploads\/2022\/08\/fomento-pueblo-nuevo00.jpg?fit=800%2C445&ssl=1","jetpack_sharing_enabled":true,"_links":{"self":[{"href":"https:\/\/cdnoticias.com\/index.php\/wp-json\/wp\/v2\/posts\/62111","targetHints":{"allow":["GET"]}}],"collection":[{"href":"https:\/\/cdnoticias.com\/index.php\/wp-json\/wp\/v2\/posts"}],"about":[{"href":"https:\/\/cdnoticias.com\/index.php\/wp-json\/wp\/v2\/types\/post"}],"author":[{"embeddable":true,"href":"https:\/\/cdnoticias.com\/index.php\/wp-json\/wp\/v2\/users\/4"}],"replies":[{"embeddable":true,"href":"https:\/\/cdnoticias.com\/index.php\/wp-json\/wp\/v2\/comments?post=62111"}],"version-history":[{"count":0,"href":"https:\/\/cdnoticias.com\/index.php\/wp-json\/wp\/v2\/posts\/62111\/revisions"}],"wp:featuredmedia":[{"embeddable":true,"href":"https:\/\/cdnoticias.com\/index.php\/wp-json\/wp\/v2\/media\/61528"}],"wp:attachment":[{"href":"https:\/\/cdnoticias.com\/index.php\/wp-json\/wp\/v2\/media?parent=62111"}],"wp:term":[{"taxonomy":"category","embeddable":true,"href":"https:\/\/cdnoticias.com\/index.php\/wp-json\/wp\/v2\/categories?post=62111"},{"taxonomy":"post_tag","embeddable":true,"href":"https:\/\/cdnoticias.com\/index.php\/wp-json\/wp\/v2\/tags?post=62111"}],"curies":[{"name":"wp","href":"https:\/\/api.w.org\/{rel}","templated":true}]}}