{"id":62084,"date":"2022-08-11T10:41:20","date_gmt":"2022-08-11T13:41:20","guid":{"rendered":"https:\/\/www.centraldenoticias.com.ar\/?p=62084"},"modified":"2022-08-11T10:41:20","modified_gmt":"2022-08-11T13:41:20","slug":"entrega-de-reconocimiento-a-hector-grunewald","status":"publish","type":"post","link":"https:\/\/cdnoticias.com\/index.php\/2022\/08\/11\/entrega-de-reconocimiento-a-hector-grunewald\/","title":{"rendered":"Entrega de reconocimiento a H\u00e9ctor Grunewald"},"content":{"rendered":"<p>Los concejales recibieron al vecino a quien se le otorg\u00f3 la distinci\u00f3n de \u201chonor al m\u00e9rito ciudadano\u201d.<!--more--><\/p>\n<hr \/>\n<p><a href=\"https:\/\/cdnoticias.com\/index.php\/2022\/08\/11\/comenzo-la-sesion-del-hcd-importantes-debates-tendran-los-concejales\/\" target=\"_blank\" rel=\"noopener\">En el inicio de la sesi\u00f3n de este jueves, presidida por Cecilia Krivochen<\/a>, el Concejo Deliberante entreg\u00f3 al atleta <strong>H\u00e9ctor Grunewald el reconocimiento de \u201cHonor al M\u00e9rito Ciudadano\u201d<\/strong>.<\/p>\n<p>&nbsp;<\/p>\n<p>El breve acto tuvo un <strong>emotivo intercambio entre concejales y el galardonado<\/strong> quien lleg\u00f3 a la sala de sesiones acompa\u00f1ado de su hijo Pablo.<\/p>\n<p>&nbsp;<\/p>\n<p>El reconocimiento hab\u00eda sido propuesto por la UCR-Juntos. El presidente de la bancada, <strong>Sebasti\u00e1n Matrella, expuso la importancia de la donaci\u00f3n de \u00f3rganos y su impacto en la calidad de vida<\/strong> de quien dona y de quien recibe.<\/p>\n<p>&nbsp;<\/p>\n<p>En este caso,<strong> hace 25 a\u00f1os, H\u00e9ctor Grunewald fue donante de un ri\u00f1\u00f3n para su hijo Pablo<\/strong>.<\/p>\n","protected":false},"excerpt":{"rendered":"<p>Los concejales recibieron al vecino a quien se le otorg\u00f3 la distinci\u00f3n de \u201chonor al m\u00e9rito ciudadano\u201d.<\/p>\n","protected":false},"author":4,"featured_media":62081,"comment_status":"closed","ping_status":"closed","sticky":false,"template":"","format":"standard","meta":{"_jetpack_memberships_contains_paid_content":false,"footnotes":""},"categories":[4,1],"tags":[],"class_list":["post-62084","post","type-post","status-publish","format-standard","has-post-thumbnail","hentry","category-politica","category-portada"],"jetpack_featured_media_url":"https:\/\/i0.wp.com\/cdnoticias.com\/wp-content\/uploads\/2022\/08\/HCD-hector-grunewald.jpg?fit=800%2C445&ssl=1","jetpack_sharing_enabled":true,"_links":{"self":[{"href":"https:\/\/cdnoticias.com\/index.php\/wp-json\/wp\/v2\/posts\/62084","targetHints":{"allow":["GET"]}}],"collection":[{"href":"https:\/\/cdnoticias.com\/index.php\/wp-json\/wp\/v2\/posts"}],"about":[{"href":"https:\/\/cdnoticias.com\/index.php\/wp-json\/wp\/v2\/types\/post"}],"author":[{"embeddable":true,"href":"https:\/\/cdnoticias.com\/index.php\/wp-json\/wp\/v2\/users\/4"}],"replies":[{"embeddable":true,"href":"https:\/\/cdnoticias.com\/index.php\/wp-json\/wp\/v2\/comments?post=62084"}],"version-history":[{"count":0,"href":"https:\/\/cdnoticias.com\/index.php\/wp-json\/wp\/v2\/posts\/62084\/revisions"}],"wp:featuredmedia":[{"embeddable":true,"href":"https:\/\/cdnoticias.com\/index.php\/wp-json\/wp\/v2\/media\/62081"}],"wp:attachment":[{"href":"https:\/\/cdnoticias.com\/index.php\/wp-json\/wp\/v2\/media?parent=62084"}],"wp:term":[{"taxonomy":"category","embeddable":true,"href":"https:\/\/cdnoticias.com\/index.php\/wp-json\/wp\/v2\/categories?post=62084"},{"taxonomy":"post_tag","embeddable":true,"href":"https:\/\/cdnoticias.com\/index.php\/wp-json\/wp\/v2\/tags?post=62084"}],"curies":[{"name":"wp","href":"https:\/\/api.w.org\/{rel}","templated":true}]}}