{"id":62043,"date":"2022-08-10T19:04:04","date_gmt":"2022-08-10T22:04:04","guid":{"rendered":"https:\/\/www.centraldenoticias.com.ar\/?p=62043"},"modified":"2022-08-10T19:04:04","modified_gmt":"2022-08-10T22:04:04","slug":"comenzo-la-capacitacion-a-personal-de-nocturnidad-con-perspectiva-de-genero","status":"publish","type":"post","link":"https:\/\/cdnoticias.com\/index.php\/2022\/08\/10\/comenzo-la-capacitacion-a-personal-de-nocturnidad-con-perspectiva-de-genero\/","title":{"rendered":"Comenz\u00f3 la capacitaci\u00f3n a personal de nocturnidad con perspectiva de g\u00e9nero"},"content":{"rendered":"<p>La reuni\u00f3n convoc\u00f3 a 32 personas en la Sociedad de Fomento Pueblo Nuevo. <!--more--><\/p>\n<hr \/>\n<p>&nbsp;<\/p>\n<p>Este martes por la tarde comenz\u00f3 la <strong>capacitaci\u00f3n con perspectiva de g\u00e9nero <\/strong>a <strong>personas que trabajan en nocturnidad.<\/strong><\/p>\n<p>&nbsp;<\/p>\n<p>La reuni\u00f3n que <strong>convoc\u00f3 a 32 personas<\/strong> se desarroll\u00f3 en la Sociedad de Fomento Pueblo Nuevo y estuvo a cargo de la<strong> Directora de Pol\u00edticas de G\u00e9nero, Florencia Caro<\/strong> e integrantes de la <strong>Mesa Local contra la Violencia Familiar y de G\u00e9nero.<\/strong><\/p>\n<p>&nbsp;<\/p>\n<p><img data-recalc-dims=\"1\" loading=\"lazy\" decoding=\"async\" class=\"aligncenter wp-image-62046 size-large\" src=\"https:\/\/i0.wp.com\/cdnoticias.com\/wp-content\/uploads\/2022\/08\/DSC_0018_16987_10496.jpg?resize=800%2C534&#038;ssl=1\" alt=\"\" width=\"800\" height=\"534\" srcset=\"https:\/\/i0.wp.com\/cdnoticias.com\/wp-content\/uploads\/2022\/08\/DSC_0018_16987_10496.jpg?resize=1024%2C683&amp;ssl=1 1024w, https:\/\/i0.wp.com\/cdnoticias.com\/wp-content\/uploads\/2022\/08\/DSC_0018_16987_10496.jpg?resize=300%2C200&amp;ssl=1 300w, https:\/\/i0.wp.com\/cdnoticias.com\/wp-content\/uploads\/2022\/08\/DSC_0018_16987_10496.jpg?resize=768%2C512&amp;ssl=1 768w, https:\/\/i0.wp.com\/cdnoticias.com\/wp-content\/uploads\/2022\/08\/DSC_0018_16987_10496.jpg?resize=272%2C182&amp;ssl=1 272w, https:\/\/i0.wp.com\/cdnoticias.com\/wp-content\/uploads\/2022\/08\/DSC_0018_16987_10496.jpg?w=1280&amp;ssl=1 1280w\" sizes=\"auto, (max-width: 800px) 100vw, 800px\" \/><\/p>\n<p>&nbsp;<\/p>\n<p>Adem\u00e1s, estuvieron presentes el <strong>Subsecretario de Seguridad Municipal Mario Busto<\/strong> y por el MPF el<strong> Dr. Jos\u00e9 Iturralde junto a la Dra. Guadalupe Barraza.<\/strong><\/p>\n<p>&nbsp;<\/p>\n<p>Tambi\u00e9n participaron de la capacitaci\u00f3n, <strong>Eugenia Iturralde y Lucas Reynals<\/strong>. La reuni\u00f3n fue encabezada por el <strong>presidente de la Sociedad de Fomento Pueblo Nuevo, Domingo Rafael Soraiz.<\/strong><\/p>\n<p>&nbsp;<\/p>\n<p>Se recuerda que la capacitaci\u00f3n continuar\u00e1 este jueves a partir de las 19:30 en la Sociedad de Fomento Pueblo Nuevo.<\/p>\n","protected":false},"excerpt":{"rendered":"<p>La reuni\u00f3n convoc\u00f3 a 32 personas en la Sociedad de Fomento Pueblo Nuevo.<\/p>\n","protected":false},"author":6,"featured_media":62044,"comment_status":"closed","ping_status":"closed","sticky":false,"template":"","format":"standard","meta":{"_jetpack_memberships_contains_paid_content":false,"footnotes":""},"categories":[3,1],"tags":[],"class_list":["post-62043","post","type-post","status-publish","format-standard","has-post-thumbnail","hentry","category-genero","category-portada"],"jetpack_featured_media_url":"https:\/\/i0.wp.com\/cdnoticias.com\/wp-content\/uploads\/2022\/08\/DSC_0029_16995_10504.jpg?fit=1280%2C854&ssl=1","jetpack_sharing_enabled":true,"_links":{"self":[{"href":"https:\/\/cdnoticias.com\/index.php\/wp-json\/wp\/v2\/posts\/62043","targetHints":{"allow":["GET"]}}],"collection":[{"href":"https:\/\/cdnoticias.com\/index.php\/wp-json\/wp\/v2\/posts"}],"about":[{"href":"https:\/\/cdnoticias.com\/index.php\/wp-json\/wp\/v2\/types\/post"}],"author":[{"embeddable":true,"href":"https:\/\/cdnoticias.com\/index.php\/wp-json\/wp\/v2\/users\/6"}],"replies":[{"embeddable":true,"href":"https:\/\/cdnoticias.com\/index.php\/wp-json\/wp\/v2\/comments?post=62043"}],"version-history":[{"count":0,"href":"https:\/\/cdnoticias.com\/index.php\/wp-json\/wp\/v2\/posts\/62043\/revisions"}],"wp:featuredmedia":[{"embeddable":true,"href":"https:\/\/cdnoticias.com\/index.php\/wp-json\/wp\/v2\/media\/62044"}],"wp:attachment":[{"href":"https:\/\/cdnoticias.com\/index.php\/wp-json\/wp\/v2\/media?parent=62043"}],"wp:term":[{"taxonomy":"category","embeddable":true,"href":"https:\/\/cdnoticias.com\/index.php\/wp-json\/wp\/v2\/categories?post=62043"},{"taxonomy":"post_tag","embeddable":true,"href":"https:\/\/cdnoticias.com\/index.php\/wp-json\/wp\/v2\/tags?post=62043"}],"curies":[{"name":"wp","href":"https:\/\/api.w.org\/{rel}","templated":true}]}}