{"id":62034,"date":"2022-08-15T18:00:34","date_gmt":"2022-08-15T21:00:34","guid":{"rendered":"https:\/\/www.centraldenoticias.com.ar\/?p=62034"},"modified":"2022-08-15T18:00:34","modified_gmt":"2022-08-15T21:00:34","slug":"se-dictara-el-curso-infancias-derechos-y-esi-en-la-escuela-en-facso","status":"publish","type":"post","link":"https:\/\/cdnoticias.com\/index.php\/2022\/08\/15\/se-dictara-el-curso-infancias-derechos-y-esi-en-la-escuela-en-facso\/","title":{"rendered":"Se dictar\u00e1 el curso Infancias, Derechos y ESI en la Escuela en FACSO"},"content":{"rendered":"<p>Inicia el 5 de septiembre desde las 18:30. Est\u00e1 destinada a docentes en ejercicio del nivel inicial y primario, y a graduados del Profesorado en Educaci\u00f3n Inicial y Primario, y p\u00fablico general<strong>. <\/strong>Los detalles. <!--more--><\/p>\n<hr \/>\n<p>&nbsp;<\/p>\n<p>El <strong>Observatorio de la Ni\u00f1ez y Adolescencia<\/strong> de la Facultad de Ciencias Sociales ofrecer\u00e1 el curso <strong>Infancias, Derechos y ESI en la Escuela<\/strong>. El mismo fue aprobado por resoluci\u00f3n del Ministerio de Educaci\u00f3n de la Provincia de Buenos Aires (Dictamen N\u00b0 10645) y otorgar\u00e1 puntaje docente.<\/p>\n<p>&nbsp;<\/p>\n<p>La propuesta est\u00e1<strong> destinada a docentes en ejercicio del nivel inicial y primario, graduados y graduadas del Profesorado en Educaci\u00f3n Inicial y Primario y p\u00fablico general.<\/strong><\/p>\n<p>&nbsp;<\/p>\n<p>Se llevar\u00e1 a cabo mediante <strong>modalidad virtual<\/strong> y contar\u00e1 con encuentros sincr\u00f3nicos y actividades asincr\u00f3nicas. El mismo otorgar\u00e1 puntaje docente (0.13 puntos).<\/p>\n<p>&nbsp;<\/p>\n<p>El curso que cuenta con<strong> cupos limitados<\/strong> ser\u00e1 dictado por las docentes Laura Hoffmann y Laura Casamayou e <strong>iniciar\u00e1 el 5 de septiembre desde las 18:30<\/strong> mediante plataforma de videollamada y a trav\u00e9s del aula virtual de la Facultad de Ciencias Sociales.<\/p>\n<p>&nbsp;<\/p>\n<p>&#8220;En el mismo se abordar\u00e1n los <strong>principios de la Educaci\u00f3n Sexual Integral<\/strong> (ESI) como un derecho consagrado en la legislaci\u00f3n vigente que garantiza y promueve, adem\u00e1s, otros derechos de la infancias. En el contexto de nuestra sociedad adultoc\u00e9ntrica, los ni\u00f1os y ni\u00f1as tienen escasas posibilidades de influenciar su propia experiencia, por ello los adultos y adultas asumimos un rol clave en tanto referentes. En el \u00e1mbito de la ESI, promover el reconocimiento de sus derechos, significa ofrecer a los ni\u00f1os y ni\u00f1as la oportunidad para desarrollar subjetividades en el marco de una educaci\u00f3n m\u00e1s justa, libre e inclusiva&#8221; se indic\u00f3.<\/p>\n<p>&nbsp;<\/p>\n<p>Para inscribirse deber\u00e1n completar el <a href=\"https:\/\/docs.google.com\/forms\/d\/e\/1FAIpQLSeuRo0o_s-9fSp7Lz6NdRGjZq7Iq_xcqjWlMj1tJBroElAWnw\/viewform\" target=\"_blank\" rel=\"noopener\">formulario disponible aqu\u00ed. <\/a>Para m\u00e1s informaci\u00f3n acerca de la propuesta y las condiciones de inscripci\u00f3n, contactarse al correo cursos@virtual.soc.unicen.edu.ar<\/p>\n","protected":false},"excerpt":{"rendered":"<p>Inicia el 5 de septiembre desde las 18:30. Est\u00e1 destinada a docentes en ejercicio del nivel inicial y primario, y<\/p>\n","protected":false},"author":6,"featured_media":30018,"comment_status":"closed","ping_status":"closed","sticky":false,"template":"","format":"standard","meta":{"_jetpack_memberships_contains_paid_content":false,"footnotes":""},"categories":[5,1],"tags":[],"class_list":["post-62034","post","type-post","status-publish","format-standard","has-post-thumbnail","hentry","category-informacion-general","category-portada"],"jetpack_featured_media_url":"https:\/\/i0.wp.com\/cdnoticias.com\/wp-content\/uploads\/2021\/08\/Sede-Facultad.jpg?fit=1500%2C867&ssl=1","jetpack_sharing_enabled":true,"_links":{"self":[{"href":"https:\/\/cdnoticias.com\/index.php\/wp-json\/wp\/v2\/posts\/62034","targetHints":{"allow":["GET"]}}],"collection":[{"href":"https:\/\/cdnoticias.com\/index.php\/wp-json\/wp\/v2\/posts"}],"about":[{"href":"https:\/\/cdnoticias.com\/index.php\/wp-json\/wp\/v2\/types\/post"}],"author":[{"embeddable":true,"href":"https:\/\/cdnoticias.com\/index.php\/wp-json\/wp\/v2\/users\/6"}],"replies":[{"embeddable":true,"href":"https:\/\/cdnoticias.com\/index.php\/wp-json\/wp\/v2\/comments?post=62034"}],"version-history":[{"count":0,"href":"https:\/\/cdnoticias.com\/index.php\/wp-json\/wp\/v2\/posts\/62034\/revisions"}],"wp:featuredmedia":[{"embeddable":true,"href":"https:\/\/cdnoticias.com\/index.php\/wp-json\/wp\/v2\/media\/30018"}],"wp:attachment":[{"href":"https:\/\/cdnoticias.com\/index.php\/wp-json\/wp\/v2\/media?parent=62034"}],"wp:term":[{"taxonomy":"category","embeddable":true,"href":"https:\/\/cdnoticias.com\/index.php\/wp-json\/wp\/v2\/categories?post=62034"},{"taxonomy":"post_tag","embeddable":true,"href":"https:\/\/cdnoticias.com\/index.php\/wp-json\/wp\/v2\/tags?post=62034"}],"curies":[{"name":"wp","href":"https:\/\/api.w.org\/{rel}","templated":true}]}}