{"id":62014,"date":"2022-08-10T10:37:20","date_gmt":"2022-08-10T13:37:20","guid":{"rendered":"https:\/\/www.centraldenoticias.com.ar\/?p=62014"},"modified":"2022-08-10T10:37:20","modified_gmt":"2022-08-10T13:37:20","slug":"la-decima-sesion-ordinaria-del-concejo-con-49-proyectos-en-debate","status":"publish","type":"post","link":"https:\/\/cdnoticias.com\/index.php\/2022\/08\/10\/la-decima-sesion-ordinaria-del-concejo-con-49-proyectos-en-debate\/","title":{"rendered":"La d\u00e9cima sesi\u00f3n ordinaria del Concejo, con 49 proyectos en debate"},"content":{"rendered":"<p>Se realiz\u00f3 la reuni\u00f3n de la comisi\u00f3n de Labor Parlamentaria que defini\u00f3 el orden del d\u00eda. Este jueves volver\u00e1 a sesionar el Legislativo local.<!--more--><\/p>\n<hr \/>\n<p><strong>La titular del Concejo Deliberante, Cecilia Krivochen presidi\u00f3 en la ma\u00f1ana de este mi\u00e9rcoles la reuni\u00f3n de Labor Parlamentaria<\/strong> que dej\u00f3 establecido el orden del d\u00eda para la d\u00e9cima sesi\u00f3n ordinaria que tendr\u00e1 lugar el jueves 11 de agosto en la Sociedad Espa\u00f1ola.<\/p>\n<p>&nbsp;<\/p>\n<p>De la reuni\u00f3n participaron <strong>la totalidad de los presidentes y presidentas de los bloques pol\u00edticos<\/strong> que integran el Concejo: Mart\u00edn Endere (Juntos), Mercedes Landivar (Frente de Todos), In\u00e9s Creimer (Foro Olavarr\u00eda-Frente Renovador en el Frente de Todos), Sebasti\u00e1n Matrella (UCR-Juntos) y Celeste Arouxet (Ahora Olavarr\u00eda).<\/p>\n<p>&nbsp;<\/p>\n<p>En primera instancia la Presidencia del HCD inform\u00f3 que en el inicio de la sesi\u00f3n se le dar\u00e1n <strong>ingreso a 16 expedientes que tomar\u00e1n estado parlamentario y ser\u00e1 girados a distintas comisiones<\/strong> internas. Entre ellos se encuentra un proyecto de ordenanza enviado por el Departamento Ejecutivo Municipal en el que<strong> se instituye el Premio al Buen Contribuyente y Fomento al Contribuyente Electr\u00f3nico<\/strong>. <a href=\"https:\/\/cdnoticias.com\/index.php\/2022\/07\/30\/buen-contribuyente-electronico-entrega-de-premios-y-anuncio\/\" target=\"_blank\" rel=\"noopener\">Tal como hab\u00eda informado el secretario de Gobierno, Hilario Galli,<\/a> es una reversi\u00f3n del premio que se entreg\u00f3 hasta el mes pasado. Dicho expediente fue girado a las comisiones de Hacienda y Legislaci\u00f3n.<\/p>\n<p>&nbsp;<\/p>\n<p>Posteriormente <strong>se pondr\u00e1n en tratamiento 27 expedientes que fueron despachados por la comisi\u00f3n de Legislaci\u00f3n<\/strong> de los cuales 23 son donaciones de inmuebles, estos \u00faltimos tendr\u00e1n tratamiento en conjunto.<\/p>\n<p>&nbsp;<\/p>\n<p><img data-recalc-dims=\"1\" loading=\"lazy\" decoding=\"async\" class=\"size-full wp-image-62016 aligncenter\" src=\"https:\/\/i0.wp.com\/cdnoticias.com\/wp-content\/uploads\/2022\/08\/HCD-labor-parlamentaria-00.jpg?resize=800%2C445&#038;ssl=1\" alt=\"\" width=\"800\" height=\"445\" srcset=\"https:\/\/i0.wp.com\/cdnoticias.com\/wp-content\/uploads\/2022\/08\/HCD-labor-parlamentaria-00.jpg?w=800&amp;ssl=1 800w, https:\/\/i0.wp.com\/cdnoticias.com\/wp-content\/uploads\/2022\/08\/HCD-labor-parlamentaria-00.jpg?resize=300%2C167&amp;ssl=1 300w, https:\/\/i0.wp.com\/cdnoticias.com\/wp-content\/uploads\/2022\/08\/HCD-labor-parlamentaria-00.jpg?resize=768%2C427&amp;ssl=1 768w\" sizes=\"auto, (max-width: 800px) 100vw, 800px\" \/><\/p>\n<p>&nbsp;<\/p>\n<p>Por otro lado, <strong>se pondr\u00e1n en debate 22 expedientes que fueron ingresados por los distintos bloques que conforman el HCD<\/strong> y que, por Reglamento Interno, deben ser tratados sobre tablas.<\/p>\n<p>&nbsp;<\/p>\n<p>Se trata de expedientes ingresados por los <strong>bloques de Juntos, UCR-Juntos y el interbloque Frente de Todos<\/strong>. No hay proyectos ingresados del bloque Ahora Olavarr\u00eda.<\/p>\n<p>&nbsp;<\/p>\n<p>Entre ellos, se cuentan los ya adelantados proyectos para <a href=\"https:\/\/cdnoticias.com\/index.php\/2022\/08\/01\/por-iniciativa-del-foro-olavarria-fr-el-hcd-tratara-proyecto-para-el-mantenimiento-de-puentes-colgantes\/\" target=\"_blank\" rel=\"noopener\">pedir mejoras en los puentes colgantes<\/a> y un <a href=\"https:\/\/cdnoticias.com\/index.php\/2022\/08\/09\/la-situacion-de-fomento-disco-se-tratara-en-el-concejo-deliberante\/\" target=\"_blank\" rel=\"noopener\">pedido de informe sobre la situaci\u00f3n de Fomento<\/a>.<\/p>\n<p>&nbsp;<\/p>\n<p><strong>La d\u00e9cima sesi\u00f3n ordinaria se iniciar\u00e1 a las 9 horas<\/strong> y ser\u00e1 trasmitida en vivo por el Canal de YouTube del HCD.<\/p>\n","protected":false},"excerpt":{"rendered":"<p>Se realiz\u00f3 la reuni\u00f3n de la comisi\u00f3n de Labor Parlamentaria que defini\u00f3 el orden del d\u00eda. Este jueves volver\u00e1 a<\/p>\n","protected":false},"author":4,"featured_media":62015,"comment_status":"closed","ping_status":"closed","sticky":false,"template":"","format":"standard","meta":{"_jetpack_memberships_contains_paid_content":false,"footnotes":""},"categories":[4,1],"tags":[],"class_list":["post-62014","post","type-post","status-publish","format-standard","has-post-thumbnail","hentry","category-politica","category-portada"],"jetpack_featured_media_url":"https:\/\/i0.wp.com\/cdnoticias.com\/wp-content\/uploads\/2022\/08\/HCD-labor-parlamentaria-02.jpg?fit=800%2C445&ssl=1","jetpack_sharing_enabled":true,"_links":{"self":[{"href":"https:\/\/cdnoticias.com\/index.php\/wp-json\/wp\/v2\/posts\/62014","targetHints":{"allow":["GET"]}}],"collection":[{"href":"https:\/\/cdnoticias.com\/index.php\/wp-json\/wp\/v2\/posts"}],"about":[{"href":"https:\/\/cdnoticias.com\/index.php\/wp-json\/wp\/v2\/types\/post"}],"author":[{"embeddable":true,"href":"https:\/\/cdnoticias.com\/index.php\/wp-json\/wp\/v2\/users\/4"}],"replies":[{"embeddable":true,"href":"https:\/\/cdnoticias.com\/index.php\/wp-json\/wp\/v2\/comments?post=62014"}],"version-history":[{"count":0,"href":"https:\/\/cdnoticias.com\/index.php\/wp-json\/wp\/v2\/posts\/62014\/revisions"}],"wp:featuredmedia":[{"embeddable":true,"href":"https:\/\/cdnoticias.com\/index.php\/wp-json\/wp\/v2\/media\/62015"}],"wp:attachment":[{"href":"https:\/\/cdnoticias.com\/index.php\/wp-json\/wp\/v2\/media?parent=62014"}],"wp:term":[{"taxonomy":"category","embeddable":true,"href":"https:\/\/cdnoticias.com\/index.php\/wp-json\/wp\/v2\/categories?post=62014"},{"taxonomy":"post_tag","embeddable":true,"href":"https:\/\/cdnoticias.com\/index.php\/wp-json\/wp\/v2\/tags?post=62014"}],"curies":[{"name":"wp","href":"https:\/\/api.w.org\/{rel}","templated":true}]}}