{"id":62006,"date":"2022-08-10T12:23:54","date_gmt":"2022-08-10T15:23:54","guid":{"rendered":"https:\/\/www.centraldenoticias.com.ar\/?p=62006"},"modified":"2022-08-10T13:07:54","modified_gmt":"2022-08-10T16:07:54","slug":"el-frente-de-todos-pedira-por-iluminacion-en-sectores-de-la-ciudad-que-ya-lo-solicitaron","status":"publish","type":"post","link":"https:\/\/cdnoticias.com\/index.php\/2022\/08\/10\/el-frente-de-todos-pedira-por-iluminacion-en-sectores-de-la-ciudad-que-ya-lo-solicitaron\/","title":{"rendered":"El Frente de Todos pedir\u00e1 por iluminaci\u00f3n en sectores de la ciudad que ya lo solicitaron"},"content":{"rendered":"<p>La propuesta se tratar\u00e1 en la sesi\u00f3n del jueves del Concejo. Se basa en resoluciones ya aprobadas en el mismo recinto.<!--more--><\/p>\n<hr \/>\n<p><strong>Los concejales del Frente de Todos pedir\u00e1n por iluminaci\u00f3n en sectores de la ciudad que ya lo solicitaron<\/strong> y que a\u00fan no han recibido respuesta favorable.<\/p>\n<p>&nbsp;<\/p>\n<p>La propuesta <a href=\"https:\/\/cdnoticias.com\/index.php\/2022\/08\/10\/la-decima-sesion-ordinaria-del-concejo-con-49-proyectos-en-debate\/\" target=\"_blank\" rel=\"noopener\">se tratar\u00e1 en la sesi\u00f3n ordinaria del jueves del Concejo<\/a>. <strong>Se basa en resoluciones ya aprobadas en el mismo recinto con los pedidos que impulsaron los vecinos<\/strong>, incluso muchos de ellos con recolecci\u00f3n de firmas.<\/p>\n<p>&nbsp;<\/p>\n<p>La <strong>presidenta del bloque, Mercedes Land\u00edvar<\/strong>, le dijo a <strong>Central de Noticias<\/strong> que el proyecto <strong>contempla las <a href=\"https:\/\/cdnoticias.com\/index.php\/2022\/07\/31\/inversion-de-mas-de-24-millones-de-pesos-en-luminarias-led\/\" target=\"_blank\" rel=\"noopener\">licitaciones ya anunciadas por el Ejecutivo municipal para la compra e instalaciones de luminarias LED<\/a> <\/strong>para el alumbrado p\u00fablico de dos sectores de <strong>barrio Pueblo Nuevo y de San Vicente<\/strong>.<\/p>\n<p>&nbsp;<\/p>\n<blockquote><p>En la consideraci\u00f3n del Frente de Todos el Municipio deber\u00eda dar \u201cprioridad\u201d a aquellos sectores que a\u00fan no cuentan con el tendido de alumbrado. Con esa postura se present\u00f3 el proyecto legislativo que tendr\u00e1 tratamiento en la pr\u00f3xima sesi\u00f3n ordinaria del jueves.<\/p><\/blockquote>\n<p>&nbsp;<\/p>\n","protected":false},"excerpt":{"rendered":"<p>La propuesta se tratar\u00e1 en la sesi\u00f3n del jueves del Concejo. Se basa en resoluciones ya aprobadas en el mismo<\/p>\n","protected":false},"author":4,"featured_media":42540,"comment_status":"closed","ping_status":"closed","sticky":false,"template":"","format":"standard","meta":{"_jetpack_memberships_contains_paid_content":false,"footnotes":""},"categories":[4,1],"tags":[],"class_list":["post-62006","post","type-post","status-publish","format-standard","has-post-thumbnail","hentry","category-politica","category-portada"],"jetpack_featured_media_url":"https:\/\/i0.wp.com\/cdnoticias.com\/wp-content\/uploads\/2021\/12\/Conferencia-Frente-de-Todos-02.jpg?fit=800%2C445&ssl=1","jetpack_sharing_enabled":true,"_links":{"self":[{"href":"https:\/\/cdnoticias.com\/index.php\/wp-json\/wp\/v2\/posts\/62006","targetHints":{"allow":["GET"]}}],"collection":[{"href":"https:\/\/cdnoticias.com\/index.php\/wp-json\/wp\/v2\/posts"}],"about":[{"href":"https:\/\/cdnoticias.com\/index.php\/wp-json\/wp\/v2\/types\/post"}],"author":[{"embeddable":true,"href":"https:\/\/cdnoticias.com\/index.php\/wp-json\/wp\/v2\/users\/4"}],"replies":[{"embeddable":true,"href":"https:\/\/cdnoticias.com\/index.php\/wp-json\/wp\/v2\/comments?post=62006"}],"version-history":[{"count":0,"href":"https:\/\/cdnoticias.com\/index.php\/wp-json\/wp\/v2\/posts\/62006\/revisions"}],"wp:featuredmedia":[{"embeddable":true,"href":"https:\/\/cdnoticias.com\/index.php\/wp-json\/wp\/v2\/media\/42540"}],"wp:attachment":[{"href":"https:\/\/cdnoticias.com\/index.php\/wp-json\/wp\/v2\/media?parent=62006"}],"wp:term":[{"taxonomy":"category","embeddable":true,"href":"https:\/\/cdnoticias.com\/index.php\/wp-json\/wp\/v2\/categories?post=62006"},{"taxonomy":"post_tag","embeddable":true,"href":"https:\/\/cdnoticias.com\/index.php\/wp-json\/wp\/v2\/tags?post=62006"}],"curies":[{"name":"wp","href":"https:\/\/api.w.org\/{rel}","templated":true}]}}