{"id":61998,"date":"2022-08-10T09:20:47","date_gmt":"2022-08-10T12:20:47","guid":{"rendered":"https:\/\/www.centraldenoticias.com.ar\/?p=61998"},"modified":"2022-08-10T09:49:54","modified_gmt":"2022-08-10T12:49:54","slug":"polemica-por-la-facturacion-de-mariano-ciancio-a-juntos-por-olavarria","status":"publish","type":"post","link":"https:\/\/cdnoticias.com\/index.php\/2022\/08\/10\/polemica-por-la-facturacion-de-mariano-ciancio-a-juntos-por-olavarria\/","title":{"rendered":"Pol\u00e9mica por la facturaci\u00f3n de Mariano Ciancio a \u201cJuntos por Olavarr\u00eda\u201d"},"content":{"rendered":"<p>El asesor municipal suspendido por estar imputado en la causa terrenos factur\u00f3 al espacio que encabeza el intendente Galli. La comuna aclar\u00f3 que \u201ces inocente hasta que se demuestre lo contrario\u201d y defendi\u00f3 el acompa\u00f1amiento econ\u00f3mico.\u00a0 <!--more--><\/p>\n<hr \/>\n<p>Horas despu\u00e9s de que<a href=\"https:\/\/cdnoticias.com\/index.php\/2022\/08\/09\/el-intendente-galli-se-reunio-con-el-lider-del-pro-mauricio-macri\/\" target=\"_blank\" rel=\"noopener\"> el intendente Ezequiel Galli se mostrara junto al ex presidente Mauricio Macri<\/a>,<strong> trascendi\u00f3 una factura realizada por el suspendido asesor municipal Mariano Ciancio al partido Juntos por Olavarr\u00eda, lo que confirma en los hechos que Ciancio sigue vinculado con el gallismo.<\/strong> Si bien esto no fue negado por el oficialismo el documento gener\u00f3 muchas suspicacias e incluso varias interpretaciones.<\/p>\n<p>&nbsp;<\/p>\n<p>La factura fue emitida el pasado 3 de agosto da cuenta que <strong>Ciancio factur\u00f3 por \u201cservicios prestados\u201d a Juntos por Olavarr\u00eda<\/strong>, aunque en el documento no se detalla a qu\u00e9 refieren dichos servicios y si hubo facturas previas a la que trascendi\u00f3.<\/p>\n<p>&nbsp;<\/p>\n<p><img data-recalc-dims=\"1\" loading=\"lazy\" decoding=\"async\" class=\"aligncenter size-full wp-image-61999\" src=\"https:\/\/i0.wp.com\/cdnoticias.com\/wp-content\/uploads\/2022\/08\/factura-ciancio.jpeg?resize=730%2C1146&#038;ssl=1\" alt=\"\" width=\"730\" height=\"1146\" srcset=\"https:\/\/i0.wp.com\/cdnoticias.com\/wp-content\/uploads\/2022\/08\/factura-ciancio.jpeg?w=730&amp;ssl=1 730w, https:\/\/i0.wp.com\/cdnoticias.com\/wp-content\/uploads\/2022\/08\/factura-ciancio.jpeg?resize=191%2C300&amp;ssl=1 191w, https:\/\/i0.wp.com\/cdnoticias.com\/wp-content\/uploads\/2022\/08\/factura-ciancio.jpeg?resize=652%2C1024&amp;ssl=1 652w\" sizes=\"auto, (max-width: 730px) 100vw, 730px\" \/><\/p>\n<p>&nbsp;<\/p>\n<p>Voceros partidarios primero aclararon que sobre Mariano Ciancio no existe<strong><em> \u201cnada m\u00e1s que una presunci\u00f3n, mientras sea una presunci\u00f3n uno es inocente hasta que se demuestre lo contrario\u201d<\/em><\/strong>, dijeron ante la consulta que realiz\u00f3 <strong>Central de Noticias.<\/strong><\/p>\n<p>&nbsp;<\/p>\n<p>La Fiscal Paula Serrano, meses atr\u00e1s y luego de varios allanamientos,<strong> imput\u00f3 a Mariano Ciancio por el delito de Estafas Reiteradas e hizo lo propio con el principal denunciado Claudio Peralta y dos efectivos de la Polic\u00eda de la Provincia de Buenos Aires.<\/strong> Tras esa imputaci\u00f3n y luego de un allanamiento en la vivienda de Ciancio, <strong>el intendente Ezequiel Galli decidi\u00f3 suspenderlo del cargo que ostentaba.<\/strong><\/p>\n<p>&nbsp;<\/p>\n<blockquote><p>Frente a esto los voceros partidarios que fueron consultados al conocerse est\u00e1 facturaci\u00f3n reconocieron el pago, pero aclararon que \u201cno se tratan de fondos del Estado Municipal\u201d dado que la facturaci\u00f3n es \u201ca Juntos por Olavarr\u00eda\u201d.<\/p><\/blockquote>\n<p>&nbsp;<\/p>\n<p>Las fuentes partidarias reiteraron que <em>\u201cmientras sea inocente no tiene la culpa de todo esto\u201d<\/em> y remarcaron <em>\u201ces lo m\u00e1s l\u00f3gico del mundo lo que estamos haciendo\u201d.<\/em><strong> La decisi\u00f3n del espacio pol\u00edtico fue \u201csostener\u201d econ\u00f3micamente al ex funcionario hasta que se aclare su situaci\u00f3n teniendo en cuenta que es la \u00fanica fuente de ingresos familiares.<\/strong><\/p>\n<p>&nbsp;<\/p>\n<p>El intendente Ezequiel Galli, en varias entrevistas que realiz\u00f3 tras suspender a Ciancio,<strong> aclar\u00f3 que la medida era hasta tanto se esclareciera la situaci\u00f3n y para colaborar con la justicia.<\/strong><\/p>\n<p>&nbsp;<\/p>\n<p>Frente a esto lo que<strong> Ciancio est\u00e1 facturando no es m\u00e1s que un \u201crespaldo\u201d que decidi\u00f3 dar el espacio pol\u00edtico.<\/strong><\/p>\n","protected":false},"excerpt":{"rendered":"<p>El asesor municipal suspendido por estar imputado en la causa terrenos factur\u00f3 al espacio que encabeza el intendente Galli. La<\/p>\n","protected":false},"author":5,"featured_media":50707,"comment_status":"closed","ping_status":"closed","sticky":false,"template":"","format":"standard","meta":{"_jetpack_memberships_contains_paid_content":false,"footnotes":""},"categories":[4,1],"tags":[],"class_list":["post-61998","post","type-post","status-publish","format-standard","has-post-thumbnail","hentry","category-politica","category-portada"],"jetpack_featured_media_url":"https:\/\/i0.wp.com\/cdnoticias.com\/wp-content\/uploads\/2022\/04\/mariano-ciancio.jpg?fit=800%2C458&ssl=1","jetpack_sharing_enabled":true,"_links":{"self":[{"href":"https:\/\/cdnoticias.com\/index.php\/wp-json\/wp\/v2\/posts\/61998","targetHints":{"allow":["GET"]}}],"collection":[{"href":"https:\/\/cdnoticias.com\/index.php\/wp-json\/wp\/v2\/posts"}],"about":[{"href":"https:\/\/cdnoticias.com\/index.php\/wp-json\/wp\/v2\/types\/post"}],"author":[{"embeddable":true,"href":"https:\/\/cdnoticias.com\/index.php\/wp-json\/wp\/v2\/users\/5"}],"replies":[{"embeddable":true,"href":"https:\/\/cdnoticias.com\/index.php\/wp-json\/wp\/v2\/comments?post=61998"}],"version-history":[{"count":0,"href":"https:\/\/cdnoticias.com\/index.php\/wp-json\/wp\/v2\/posts\/61998\/revisions"}],"wp:featuredmedia":[{"embeddable":true,"href":"https:\/\/cdnoticias.com\/index.php\/wp-json\/wp\/v2\/media\/50707"}],"wp:attachment":[{"href":"https:\/\/cdnoticias.com\/index.php\/wp-json\/wp\/v2\/media?parent=61998"}],"wp:term":[{"taxonomy":"category","embeddable":true,"href":"https:\/\/cdnoticias.com\/index.php\/wp-json\/wp\/v2\/categories?post=61998"},{"taxonomy":"post_tag","embeddable":true,"href":"https:\/\/cdnoticias.com\/index.php\/wp-json\/wp\/v2\/tags?post=61998"}],"curies":[{"name":"wp","href":"https:\/\/api.w.org\/{rel}","templated":true}]}}