{"id":61990,"date":"2022-08-09T19:00:35","date_gmt":"2022-08-09T22:00:35","guid":{"rendered":"https:\/\/www.centraldenoticias.com.ar\/?p=61990"},"modified":"2022-08-09T19:00:35","modified_gmt":"2022-08-09T22:00:35","slug":"escuelas-se-suman-otros-gremios-a-la-medida-de-ctera-y-el-paro-sera-casi-total-en-la-provincia","status":"publish","type":"post","link":"https:\/\/cdnoticias.com\/index.php\/2022\/08\/09\/escuelas-se-suman-otros-gremios-a-la-medida-de-ctera-y-el-paro-sera-casi-total-en-la-provincia\/","title":{"rendered":"Escuelas: se suman otros gremios a la medida de Ctera y el paro ser\u00e1 casi total en la provincia"},"content":{"rendered":"<div class=\"td_block_wrap tdb_single_subtitle tdi_72 td-pb-border-top td_block_template_1\" data-td-block-uid=\"tdi_72\">\n<div class=\"tdb-block-inner td-fix-index\">\n<p>La FEB y Udocba avisaron que tambi\u00e9n adhieren a la medida de fuerza. Suteba ya hab\u00eda adelantado su acatamiento.<\/p>\n<\/div>\n<\/div>\n<p><!--more--><\/p>\n<hr \/>\n<div class=\"td_block_wrap tdb_single_date tdi_73 td-pb-border-top td_block_template_1 tdb-post-meta\" data-td-block-uid=\"tdi_73\"><\/div>\n<div data-td-block-uid=\"tdi_73\">\n<p>La FEB, Udocba y AMET se suman junto a Suteba a la <strong>medida de fuerza nacional<\/strong> anunciada por Ctera para <strong>este mi\u00e9rcoles y el paro en las escuelas de la provincia de Buenos Aires ser\u00e1 total.<\/strong><\/p>\n<p>&nbsp;<\/p>\n<p>La <strong>medida de fuerza <\/strong>fue<strong> convocada <\/strong>por la<strong> Confederaci\u00f3n de Trabajadores de la Educaci\u00f3n de la Rep\u00fablica Argentina<\/strong> (Ctera), en la que<strong> se nuclea Suteba a nivel nacional,<\/strong> para protestar por un fallo de la Justicia que <strong>conden\u00f3 al extitular <\/strong>de la Asociaci\u00f3n de Trabajadores de la Educaci\u00f3n de Chubut (Atech), <strong>Santiago Goodman, por un incendio ocurrido en la Legislatura<\/strong> de aquella provincia el <strong>17 de septiembre de 2019.<\/strong><\/p>\n<p>&nbsp;<\/p>\n<p>Adem\u00e1s, entre otros reclamos, la Ctera pide por la <strong>\u201capertura de las paritarias provinciales<\/strong>\u201d y exige que los Gobiernos provinciales convoquen a los gremios a discutir la jornada extendida.<\/p>\n<p>&nbsp;<\/p>\n<p>El gremio que lidera Roberto Baradel avis\u00f3 ayer que acatar\u00eda al paro. En tanto, la FEB se\u00f1al\u00f3 hoy que tambi\u00e9n se suma ya que \u201c<strong>la protesta de los trabajadores no puede ser considerada un delito<\/strong>\u201d, mientras que advirti\u00f3 que <strong>\u201cseguimos sosteniendo nuestro leg\u00edtimo reclamo por los salarios docentes y por condiciones dignas de trabajo en la provincia de Buenos Aires\u201d.<\/strong><\/p>\n<p>&nbsp;<\/p>\n<p>Si bien surge por una tem\u00e1tica externa a la provincia, el paro se concretar\u00e1 luego de la presentaci\u00f3n que hizo este martes el <strong>Frente de Unidad Docente Bonaerense<\/strong> (Suteba, FEB, Udocba, Sadop y AMET) ante el Ministerio de Trabajo para pedir por una \u201c<strong>urgente convocatoria\u201d<\/strong> a comisi\u00f3n t\u00e9cnica salarial con el objetivo de activar la \u201ccl\u00e1usula de revisi\u00f3n\u201d.<\/p>\n<\/div>\n<p>&nbsp;<\/p>\n<p><em>Fuente: DIB\u00a0<\/em><\/p>\n<div data-td-block-uid=\"tdi_73\"><\/div>\n","protected":false},"excerpt":{"rendered":"<p>La FEB y Udocba avisaron que tambi\u00e9n adhieren a la medida de fuerza. Suteba ya hab\u00eda adelantado su acatamiento.<\/p>\n","protected":false},"author":6,"featured_media":61991,"comment_status":"closed","ping_status":"closed","sticky":false,"template":"","format":"standard","meta":{"_jetpack_memberships_contains_paid_content":false,"footnotes":""},"categories":[6,1],"tags":[],"class_list":["post-61990","post","type-post","status-publish","format-standard","has-post-thumbnail","hentry","category-nacionales","category-portada"],"jetpack_featured_media_url":"https:\/\/i0.wp.com\/cdnoticias.com\/wp-content\/uploads\/2022\/08\/Muebles-II.jpeg?fit=1280%2C853&ssl=1","jetpack_sharing_enabled":true,"_links":{"self":[{"href":"https:\/\/cdnoticias.com\/index.php\/wp-json\/wp\/v2\/posts\/61990","targetHints":{"allow":["GET"]}}],"collection":[{"href":"https:\/\/cdnoticias.com\/index.php\/wp-json\/wp\/v2\/posts"}],"about":[{"href":"https:\/\/cdnoticias.com\/index.php\/wp-json\/wp\/v2\/types\/post"}],"author":[{"embeddable":true,"href":"https:\/\/cdnoticias.com\/index.php\/wp-json\/wp\/v2\/users\/6"}],"replies":[{"embeddable":true,"href":"https:\/\/cdnoticias.com\/index.php\/wp-json\/wp\/v2\/comments?post=61990"}],"version-history":[{"count":0,"href":"https:\/\/cdnoticias.com\/index.php\/wp-json\/wp\/v2\/posts\/61990\/revisions"}],"wp:featuredmedia":[{"embeddable":true,"href":"https:\/\/cdnoticias.com\/index.php\/wp-json\/wp\/v2\/media\/61991"}],"wp:attachment":[{"href":"https:\/\/cdnoticias.com\/index.php\/wp-json\/wp\/v2\/media?parent=61990"}],"wp:term":[{"taxonomy":"category","embeddable":true,"href":"https:\/\/cdnoticias.com\/index.php\/wp-json\/wp\/v2\/categories?post=61990"},{"taxonomy":"post_tag","embeddable":true,"href":"https:\/\/cdnoticias.com\/index.php\/wp-json\/wp\/v2\/tags?post=61990"}],"curies":[{"name":"wp","href":"https:\/\/api.w.org\/{rel}","templated":true}]}}