{"id":61985,"date":"2022-08-09T18:33:08","date_gmt":"2022-08-09T21:33:08","guid":{"rendered":"https:\/\/www.centraldenoticias.com.ar\/?p=61985"},"modified":"2022-08-09T22:11:34","modified_gmt":"2022-08-10T01:11:34","slug":"docentes-de-unicen-denunciaron-un-brutal-recorte-por-la-obra-social","status":"publish","type":"post","link":"https:\/\/cdnoticias.com\/index.php\/2022\/08\/09\/docentes-de-unicen-denunciaron-un-brutal-recorte-por-la-obra-social\/","title":{"rendered":"Docentes de Unicen denunciaron un \u201cbrutal\u201d recorte por la obra social"},"content":{"rendered":"<p>Se\u00f1alaron retenciones que llegan al \u201c36% del salario bruto\u201d que dejan al salario \u201cpor debajo del monto total de dichas retenciones\u201d. Pidieron respuestas urgentes y catalogaron la situaci\u00f3n de \u201cinaceptable\u201d. <!--more--><\/p>\n<hr \/>\n<p>Luego de varias instancias sin respuestas, <strong>medio centenar de docentes de la Unicen denunciaron p\u00fablicamente un \u201cbrutal\u201d recorte de salarios por descuentos por la obra social. Afecta al 36% del salario bruto y deja al salario \u201cpor debajo del monto total de dichas retenciones\u201d.<\/strong><\/p>\n<p>&nbsp;<\/p>\n<p>Mediante un comunicado titulado <em><strong>\u201cNo al ajuste en la Unicen: basta a la retenci\u00f3n abusiva de OSPUNCPBA\u201d<\/strong><\/em> los docentes denunciaron que \u201cm\u00e1s de la mitad\u201d desde el mes de julio<em> \u201csufrimos un brutal recorte de nuestro salario a causa del aumento de la retenci\u00f3n aplicada por nuestra obra social (OSPUNCPBA)\u201d.<\/em><\/p>\n<p>&nbsp;<\/p>\n<blockquote><p>\u201cEn muchos casos el descuento asciende hasta el 36 % del salario bruto, lo que sumado a otras retenciones (por jubilaci\u00f3n y otros \u00edtems) coloca al salario de bolsillo por debajo del monto total de dichas retenciones. Es decir, lo que nos descuentan en total de nuestro sueldo es m\u00e1s de lo que nos queda de \u00e9l en el bolsillo. Inaceptable desde cualquier punto de vista\u201d.<\/p><\/blockquote>\n<p>&nbsp;<\/p>\n<p>Resaltaron, a su vez, que <em>\u201cel aumento de la retenci\u00f3n implementado por OSPUNCPBA se explica por el ajuste del gasto aplicado por la UNICEN, nuestro empleador\u201d<\/em>. <strong>Es que la universidad \u201cno se hace cargo del aporte que por la Ley 24.741 deber\u00eda realizar y descarga sobre nuestras espaldas -el 54% de la planta docente de la instituci\u00f3n- el monto faltante para financiar la obra social\u201d.<\/strong><\/p>\n<p>&nbsp;<\/p>\n<p>Es por ello que<em> \u201clas y los docentes que no tenemos dedicaci\u00f3n exclusiva en la universidad aportamos a la obra social el equivalente del 3% del sueldo bruto de un docente de nuestra misma categor\u00eda y antig\u00fcedad con dedicaci\u00f3n exclusiva, mientras que la Universidad deber\u00eda aportar el 6 % equivalente del mismo sueldo bruto. Es del total de este \u00faltimo porcentaje del que la UNICEN no se hace cargo y lo traslada a nuestro salario, pulveriz\u00e1ndolo\u201d.<\/em><\/p>\n<p>&nbsp;<\/p>\n<p>Relataron que <strong>el tema se trat\u00f3 en la \u00faltima sesi\u00f3n de Consejo Superior pero \u201clas autoridades de la UNICEN no asumieron la responsabilidad del aumento y la derivaron a la Obra Social<\/strong>, aduciendo que se trata de una definici\u00f3n tomada en otro ente institucional y desdibujando la responsabilidad que le cabe como nuestro empleador\u201d.<\/p>\n<p>&nbsp;<\/p>\n<p><img data-recalc-dims=\"1\" loading=\"lazy\" decoding=\"async\" class=\"size-full wp-image-61988 aligncenter\" src=\"https:\/\/i0.wp.com\/cdnoticias.com\/wp-content\/uploads\/2022\/08\/recib2.jpg?resize=454%2C574&#038;ssl=1\" alt=\"\" width=\"454\" height=\"574\" srcset=\"https:\/\/i0.wp.com\/cdnoticias.com\/wp-content\/uploads\/2022\/08\/recib2.jpg?w=454&amp;ssl=1 454w, https:\/\/i0.wp.com\/cdnoticias.com\/wp-content\/uploads\/2022\/08\/recib2.jpg?resize=237%2C300&amp;ssl=1 237w\" sizes=\"auto, (max-width: 454px) 100vw, 454px\" \/><\/p>\n<p>&nbsp;<\/p>\n<blockquote><p>Por parte de la obra social, \u201cno ces\u00f3 ni revis\u00f3 la retenci\u00f3n aplicada, y ofreci\u00f3 como principal alternativa a sus afiliadas y afiliados el posible ingreso (sujeto a su revisi\u00f3n) a un Plan M\u00e9dico Obligatorio, del que ni siquiera comunica bien sus prestaciones, y del que, sin embargo, sabemos que constituye una baja significativa de la calidad de la prestaci\u00f3n m\u00e9dica\u201d.<\/p><\/blockquote>\n<p>&nbsp;<\/p>\n<p>A su vez, contextualizaron con la profunda crisis econ\u00f3mica que atraviesa el pa\u00eds. \u201cEs un marco donde las y los docentes venimos perdiendo salario consecutivamente en los \u00faltimos a\u00f1os: 23,5 % de p\u00e9rdida acumulada desde diciembre de 2015, seg\u00fan el \u00faltimo informe del Centro de Investigaci\u00f3n y Formaci\u00f3n de la Rep\u00fablica Argentina (CIFRA)\u201d.<\/p>\n<p>&nbsp;<\/p>\n<p><strong><em>\u201cEsta pol\u00edtica no hace m\u00e1s que profundizar nuestra p\u00e9rdida de ingresos y condiciones de vida, y nos coloca frente a la disyuntiva de aceptar una nueva rebaja de nuestro sueldo o perder el derecho a una prestaci\u00f3n m\u00e9dica de calidad, para nosotras\/os y nuestras familias\u201d<\/em><\/strong> denunciaron con dureza.<\/p>\n<p>&nbsp;<\/p>\n<p>Los perjudicados, a su vez, son los estudiantes dado que esta determinaci\u00f3n <strong>\u201cgolpea el nivel educativo que brinda la instituci\u00f3n\u201d<\/strong> dado que \u201cla retenci\u00f3n confiscatoria sobre el salario tiene como consecuencia el desincentivo para la labor docente y la necesidad de buscar otras fuentes de ingresos alternativas, lo que impacta de forma directa y significativa en la calidad de nuestro trabajo\u201d.<\/p>\n<p>&nbsp;<\/p>\n<p>Pidieron, finalmente, dar marcha atr\u00e1s con el aumento y <strong>\u201cesperamos que la comunidad y nuestro gremio, ADUNCE, nos acompa\u00f1en en nuestro leg\u00edtimo reclamo, ya que, de mantenerse firme, la medida abre la puerta para nuevos atropellos\u201d.<\/strong><\/p>\n<p>&nbsp;<\/p>\n<p>Finalmente, mostraron con ejemplos los descuentos efectivizados por la obra social \u201ca docentes con dedicaciones simple, siemi- exclusiva y semi-exclusiva+simple de la UNICEN\u201d.<\/p>\n","protected":false},"excerpt":{"rendered":"<p>Se\u00f1alaron retenciones que llegan al \u201c36% del salario bruto\u201d que dejan al salario \u201cpor debajo del monto total de dichas<\/p>\n","protected":false},"author":2,"featured_media":61987,"comment_status":"closed","ping_status":"closed","sticky":false,"template":"","format":"standard","meta":{"_jetpack_memberships_contains_paid_content":false,"footnotes":""},"categories":[5,1],"tags":[],"class_list":["post-61985","post","type-post","status-publish","format-standard","has-post-thumbnail","hentry","category-informacion-general","category-portada"],"jetpack_featured_media_url":"https:\/\/i0.wp.com\/cdnoticias.com\/wp-content\/uploads\/2022\/08\/recib3.jpg?fit=900%2C680&ssl=1","jetpack_sharing_enabled":true,"_links":{"self":[{"href":"https:\/\/cdnoticias.com\/index.php\/wp-json\/wp\/v2\/posts\/61985","targetHints":{"allow":["GET"]}}],"collection":[{"href":"https:\/\/cdnoticias.com\/index.php\/wp-json\/wp\/v2\/posts"}],"about":[{"href":"https:\/\/cdnoticias.com\/index.php\/wp-json\/wp\/v2\/types\/post"}],"author":[{"embeddable":true,"href":"https:\/\/cdnoticias.com\/index.php\/wp-json\/wp\/v2\/users\/2"}],"replies":[{"embeddable":true,"href":"https:\/\/cdnoticias.com\/index.php\/wp-json\/wp\/v2\/comments?post=61985"}],"version-history":[{"count":0,"href":"https:\/\/cdnoticias.com\/index.php\/wp-json\/wp\/v2\/posts\/61985\/revisions"}],"wp:featuredmedia":[{"embeddable":true,"href":"https:\/\/cdnoticias.com\/index.php\/wp-json\/wp\/v2\/media\/61987"}],"wp:attachment":[{"href":"https:\/\/cdnoticias.com\/index.php\/wp-json\/wp\/v2\/media?parent=61985"}],"wp:term":[{"taxonomy":"category","embeddable":true,"href":"https:\/\/cdnoticias.com\/index.php\/wp-json\/wp\/v2\/categories?post=61985"},{"taxonomy":"post_tag","embeddable":true,"href":"https:\/\/cdnoticias.com\/index.php\/wp-json\/wp\/v2\/tags?post=61985"}],"curies":[{"name":"wp","href":"https:\/\/api.w.org\/{rel}","templated":true}]}}