{"id":61977,"date":"2022-08-10T08:19:42","date_gmt":"2022-08-10T11:19:42","guid":{"rendered":"https:\/\/www.centraldenoticias.com.ar\/?p=61977"},"modified":"2022-08-10T08:19:42","modified_gmt":"2022-08-10T11:19:42","slug":"la-facultad-de-ciencias-sociales-dictara-el-curso-lengua-de-senas-en-nivel-principiante","status":"publish","type":"post","link":"https:\/\/cdnoticias.com\/index.php\/2022\/08\/10\/la-facultad-de-ciencias-sociales-dictara-el-curso-lengua-de-senas-en-nivel-principiante\/","title":{"rendered":"La Facultad de Ciencias Sociales dictar\u00e1 el curso Lengua de Se\u00f1as en nivel principiante"},"content":{"rendered":"<p>El curso se dictar\u00e1 a partir del s\u00e1bado 20 de agosto de 10:00 a 12:30 con encuentros presenciales cada 15 d\u00edas.<!--more--><\/p>\n<hr \/>\n<p>&nbsp;<\/p>\n<p>El <strong>Laboratorio de Idiomas de la Facultad de Ciencias Sociales<\/strong> ofrecer\u00e1 el <strong>curso de Lengua de Se\u00f1as, Nivel principiante.<\/strong> El mismo fue aprobado por la Direcci\u00f3n General de Cultura y Educaci\u00f3n de la provincia de Buenos Aires (Dictamen N\u00ba 10645) y <strong>otorgar\u00e1 puntaje docente.<\/strong><\/p>\n<p>&nbsp;<\/p>\n<p>La propuesta formativa est\u00e1 destinada al fortalecimiento de n<strong>uevas formas y abordajes para ense\u00f1ar y comunicar,<\/strong> con el fin de facilitar el desarrollo de una Competencia Comunicativa en Lengua de Se\u00f1as Argentina (LSA) y promover la apropiaci\u00f3n cr\u00edtica de los elementos te\u00f3ricos-metodol\u00f3gicos de la misma.<\/p>\n<p>&nbsp;<\/p>\n<p>La <strong>propuesta cuenta con cupos limitados<\/strong> y estar\u00e1 a cargo de la docente Noelia D\u00edaz y el instructor sordo Agust\u00edn Vitale.<\/p>\n<p>&nbsp;<\/p>\n<p><img data-recalc-dims=\"1\" loading=\"lazy\" decoding=\"async\" class=\"aligncenter wp-image-61979\" src=\"https:\/\/i0.wp.com\/cdnoticias.com\/wp-content\/uploads\/2022\/08\/lenguas-de-senas.png?resize=500%2C500&#038;ssl=1\" alt=\"\" width=\"500\" height=\"500\" srcset=\"https:\/\/i0.wp.com\/cdnoticias.com\/wp-content\/uploads\/2022\/08\/lenguas-de-senas.png?resize=1024%2C1024&amp;ssl=1 1024w, https:\/\/i0.wp.com\/cdnoticias.com\/wp-content\/uploads\/2022\/08\/lenguas-de-senas.png?resize=300%2C300&amp;ssl=1 300w, https:\/\/i0.wp.com\/cdnoticias.com\/wp-content\/uploads\/2022\/08\/lenguas-de-senas.png?resize=150%2C150&amp;ssl=1 150w, https:\/\/i0.wp.com\/cdnoticias.com\/wp-content\/uploads\/2022\/08\/lenguas-de-senas.png?resize=768%2C768&amp;ssl=1 768w, https:\/\/i0.wp.com\/cdnoticias.com\/wp-content\/uploads\/2022\/08\/lenguas-de-senas.png?w=1028&amp;ssl=1 1028w\" sizes=\"auto, (max-width: 500px) 100vw, 500px\" \/><\/p>\n<p>&nbsp;<\/p>\n<p>El <strong>curso se dictar\u00e1 a partir del s\u00e1bado 20 de agosto de 10:00 a 12:30<\/strong> con <strong>encuentros presenciales cada 15 d\u00edas.<\/strong> La sede ser\u00e1 el <strong>Laboratorio de Idiomas de la Facultad de Ciencias Sociales<\/strong> (Edificio de Aulas Comunes, Complejo Universitario Olavarr\u00eda, avenida Del Valle 5737).<\/p>\n<p>&nbsp;<\/p>\n<p>&#8220;El curso busca dar una respuesta eficaz a esta necesidad comunicativa, para lo cual brinda las herramientas de comunicaci\u00f3n b\u00e1sicas, demostrando el m\u00e1ximo respeto hacia la Cultura e Identidad sorda&#8221; se indic\u00f3.<\/p>\n<p>&nbsp;<\/p>\n<p>Est\u00e1 <strong>destinado a docentes de Educaci\u00f3n Inicial, Primaria, Secundaria, Superior, Especial, Media, Adultos, Art\u00edstica, F\u00edsica y a la comunidad en general.<\/strong> Otorgar\u00e1 puntaje docente (0.24 puntos). La carga horaria ser\u00e1 de 42 horas reloj.<\/p>\n<p>&nbsp;<\/p>\n<p>Para inscribirse es necesario completar el<a href=\"https:\/\/docs.google.com\/forms\/d\/e\/1FAIpQLSdLlkz2S4FoQ0bP3Bk2ijgBpJy2w4aiCQEUg_5maafmfgkP7A\/viewform?vc=0&amp;c=0&amp;w=1&amp;flr=0&amp;pli=1\" target=\"_blank\" rel=\"noopener\"> formulario disponible aqu\u00ed.<\/a> Para m\u00e1s informaci\u00f3n sobre la propuesta (programa y cronograma) y aranceles, deber\u00e1n contactarse al correo idiomas@soc.unicen.edu.ar<\/p>\n","protected":false},"excerpt":{"rendered":"<p>El curso se dictar\u00e1 a partir del s\u00e1bado 20 de agosto de 10:00 a 12:30 con encuentros presenciales cada 15<\/p>\n","protected":false},"author":6,"featured_media":0,"comment_status":"closed","ping_status":"closed","sticky":false,"template":"","format":"standard","meta":{"_jetpack_memberships_contains_paid_content":false,"footnotes":""},"categories":[5,1],"tags":[],"class_list":["post-61977","post","type-post","status-publish","format-standard","hentry","category-informacion-general","category-portada"],"jetpack_featured_media_url":"","jetpack_sharing_enabled":true,"_links":{"self":[{"href":"https:\/\/cdnoticias.com\/index.php\/wp-json\/wp\/v2\/posts\/61977","targetHints":{"allow":["GET"]}}],"collection":[{"href":"https:\/\/cdnoticias.com\/index.php\/wp-json\/wp\/v2\/posts"}],"about":[{"href":"https:\/\/cdnoticias.com\/index.php\/wp-json\/wp\/v2\/types\/post"}],"author":[{"embeddable":true,"href":"https:\/\/cdnoticias.com\/index.php\/wp-json\/wp\/v2\/users\/6"}],"replies":[{"embeddable":true,"href":"https:\/\/cdnoticias.com\/index.php\/wp-json\/wp\/v2\/comments?post=61977"}],"version-history":[{"count":0,"href":"https:\/\/cdnoticias.com\/index.php\/wp-json\/wp\/v2\/posts\/61977\/revisions"}],"wp:attachment":[{"href":"https:\/\/cdnoticias.com\/index.php\/wp-json\/wp\/v2\/media?parent=61977"}],"wp:term":[{"taxonomy":"category","embeddable":true,"href":"https:\/\/cdnoticias.com\/index.php\/wp-json\/wp\/v2\/categories?post=61977"},{"taxonomy":"post_tag","embeddable":true,"href":"https:\/\/cdnoticias.com\/index.php\/wp-json\/wp\/v2\/tags?post=61977"}],"curies":[{"name":"wp","href":"https:\/\/api.w.org\/{rel}","templated":true}]}}