{"id":61951,"date":"2022-08-10T09:49:10","date_gmt":"2022-08-10T12:49:10","guid":{"rendered":"https:\/\/www.centraldenoticias.com.ar\/?p=61951"},"modified":"2022-08-10T12:26:00","modified_gmt":"2022-08-10T15:26:00","slug":"ignacio-montoya-carlotto-hay-pocos-lugares-para-ejercer-nuestro-trabajo","status":"publish","type":"post","link":"https:\/\/cdnoticias.com\/index.php\/2022\/08\/10\/ignacio-montoya-carlotto-hay-pocos-lugares-para-ejercer-nuestro-trabajo\/","title":{"rendered":"Ignacio Montoya Carlotto: \u201chay pocos lugares para ejercer nuestro trabajo\u201d"},"content":{"rendered":"<p>El flamante presidente de la Asociaci\u00f3n Civil M\u00fasicos de Olavarr\u00eda habl\u00f3 con Central de Noticias sobre los primeros pasos de la agrupaci\u00f3n y las principales problem\u00e1ticas del sector. Las condiciones de la actividad y los proyectos a futuro.<!--more--><\/p>\n<hr \/>\n<p>La <strong>Asociaci\u00f3n Civil M\u00fasicos de Olavarr\u00eda (ACMO)<\/strong> se conform\u00f3 con el objetivo de mejorar las condiciones en las que se realiza la actividad musical en nuestra ciudad. Integrada por m\u00fasicos locales <strong>tuvo su origen en el a\u00f1o 2021<\/strong> en medio de la pandemia del coronavirus.<\/p>\n<p>&nbsp;<\/p>\n<p>La presidencia de la agrupaci\u00f3n est\u00e1 ocupada por Ignacio Montoya Carlotto quien en di\u00e1logo con <em>Central de Noticias<\/em> se\u00f1al\u00f3 las <strong>principales problem\u00e1ticas de la actividad musical en Olavarr\u00eda.<\/strong><\/p>\n<p>&nbsp;<\/p>\n<p>\u201cSurgi\u00f3 en pandemia por iniciativa de Ramiro Roark que es ahora el vicepresidente de la Asociaci\u00f3n. Empez\u00f3 como una cuesti\u00f3n circunstancial, est\u00e1bamos pasando por un momento en el que no ten\u00edamos lugares para tocar, tampoco se pod\u00eda tocar por la pandemia y eso nos ten\u00eda un poco preocupados\u201d, detall\u00f3.<\/p>\n<p>&nbsp;<\/p>\n<p>En ese contexto no tan favorable es que tuvieron varias reuniones y comenz\u00f3 el contacto con el <strong>Instituto Nacional de la M\u00fasica (INAMU).<\/strong> \u201cAh\u00ed fue que empezamos a perge\u00f1ar la idea de armar una Asociaci\u00f3n que pudiera trabajar en pos de mejorar las condiciones en las cuales se hace m\u00fasica en la ciudad\u201d.<\/p>\n<p>&nbsp;<\/p>\n<blockquote><p>Somos un grupo de gente que est\u00e1 convencido que lo colectivo es fundamental para poder establecer alg\u00fan tipo de posibilidad de modificar algo.<\/p><\/blockquote>\n<p>&nbsp;<\/p>\n<p><strong>Recientemente el grupo obtuvo la matr\u00edcula que los formaliza como asociaci\u00f3n civil.<\/strong> \u201cAhora estamos convocando a que nos sigan en las redes para estar m\u00e1s conectados y poder canalizar problem\u00e1ticas\u201d, cont\u00f3 Montoya Carlotto y adelant\u00f3 que la pr\u00f3xima semana lanzar\u00e1n un <strong>censo<\/strong> para las diferentes propuestas art\u00edsticas de la ciudad: \u201cqueremos saber cu\u00e1ntos somos para poder articular con diferentes propuestas\u201d.<\/p>\n<blockquote class=\"twitter-tweet\" data-width=\"550\" data-dnt=\"true\">\n<p lang=\"es\" dir=\"ltr\"><a href=\"https:\/\/twitter.com\/hashtag\/Olavarria?src=hash&amp;ref_src=twsrc%5Etfw\">#Olavarria<\/a><\/p>\n<p>\ud83d\udcd5 Hicimos entrega de los libros sociales rubricados a la Asociaci\u00f3n Civil M\u00fasicos Olavarr\u00eda. <a href=\"https:\/\/t.co\/bgqkjLesJJ\">pic.twitter.com\/bgqkjLesJJ<\/a><\/p>\n<p>&mdash; Defensor\u00eda del Pueblo PBA (@defensoriaPBA) <a href=\"https:\/\/twitter.com\/defensoriaPBA\/status\/1554581069873221634?ref_src=twsrc%5Etfw\">August 2, 2022<\/a><\/p><\/blockquote>\n<p><script async src=\"https:\/\/platform.twitter.com\/widgets.js\" charset=\"utf-8\"><\/script><\/p>\n<p>&nbsp;<\/p>\n<p><strong>Falta de espacios y el problema de los \u201cruidos molestos\u201d<\/strong><\/p>\n<p>&nbsp;<\/p>\n<p>La misi\u00f3n principal del grupo se basa en <strong>mejorar las condiciones en las que se hace la m\u00fasica en vivo en la ciudad.<\/strong> Este objetivo trae aparejado un diagn\u00f3stico y conocimiento de los problemas que rodean a la actividad.<\/p>\n<p>&nbsp;<\/p>\n<p><strong>\u201cUna de las primeras problem\u00e1ticas que podemos observar es que hay pocos lugares para ejercer nuestro trabajo\u201d<\/strong>, afirm\u00f3 Montoya Carlotto. En ese sentido, \u201chay una cosa que es hist\u00f3rica y a trabajar a largo plazo, que es la consideraci\u00f3n de nuestra actividad como un trabajo. Esto es algo complejo porque a veces se piensa la actividad vinculada a un pasatiempo y no como una profesi\u00f3n\u201d.<\/p>\n<p>&nbsp;<\/p>\n<p>Respecto a los espacios, insisti\u00f3 en que \u201cnos encontramos con una limitante determinante que es que hay pocos lugares para tocar para las diferentes propuestas. <strong>Hay pocos lugares privados y pocos lugares impulsados por el Estado.<\/strong> Eso es una limitaci\u00f3n grande porque por suerte hay mucho m\u00fasico en la ciudad, pero hay pocos lugares para tocar\u201d.<\/p>\n<p>&nbsp;<\/p>\n<p>\u201cCon los privados podemos acercar propuestas y con el Estado hemos hecho lo mismo. <strong>Hemos tenido algunas reuniones con el Municipio buscando impulsar un circuito de m\u00fasica en vivo en los espacios municipales<\/strong>\u201d, se\u00f1al\u00f3 y reconoci\u00f3 que \u201chemos encontrado muy buena predisposici\u00f3n y esperamos poder lograrlo para que el p\u00fablico olavarriense pueda todo el a\u00f1o acceder a propuestas musicales en vivo.<\/p>\n<p>&nbsp;<\/p>\n<p>Por otra parte, Montoya Carlotto indic\u00f3 que la problem\u00e1tica referida a <strong>denuncias por \u201cruidos molestos\u201d<\/strong> que suelen darse principalmente los fines de semana, se encuentra en el temario de debate de la asociaci\u00f3n.<\/p>\n<p>&nbsp;<\/p>\n<p>\u201cSi bien se entiende la necesidad que tiene un vecino de vivir en calma y sin la invasi\u00f3n sonora que provocan algunas actividades, tambi\u00e9n sabemos o tememos que detr\u00e1s de esto suele ocurrir que se cierran los espacios\u201d, explic\u00f3.<\/p>\n<p>&nbsp;<\/p>\n<blockquote><p>\u201cCuando hablamos de espacios acondicionados para la actividad tiene que ver con eso tambi\u00e9n. Tener un espacio acondicionado para hacer un concierto requiere que no se escuche afuera y eso es una inversi\u00f3n que los espacios culturales que tenemos ac\u00e1 no la pueden afrontar\u201d, se explay\u00f3.<\/p><\/blockquote>\n<p>&nbsp;<\/p>\n<p>Por \u00faltimo, consider\u00f3 que <strong>\u201chay que atender el derecho del vecino que quiere acostarse a las 12 de la noche y no sentir una bater\u00eda que le taladre la cabeza. Yo lo entiendo, pero tambi\u00e9n est\u00e1 nuestro derecho a trabajar y est\u00e1 lo que se pierde si ese concierto no se realiza, que es un bien intangible que parece mucho menos importante pero que a la larga causa un da\u00f1o enorme\u201d. \u00a0<\/strong><\/p>\n<p>&nbsp;<\/p>\n<p>Desde la ACMO invitaron que quienes deseen sumarse a sus actividades o conocer m\u00e1s sobre la asociaci\u00f3n pueden hacerlo a trav\u00e9s de Instagram<a href=\"https:\/\/www.instagram.com\/tv\/ChA6qVaFyuM\/?utm_source=ig_web_copy_link\" target=\"_blank\" rel=\"noopener\"> @acmo_olavarria<\/a>, Facebook <a href=\"https:\/\/www.facebook.com\/profile.php?id=100081347754266\" target=\"_blank\" rel=\"noopener\">ACMO ACMO<\/a> y mail cmoolavarria@gmail.com.<\/p>\n","protected":false},"excerpt":{"rendered":"<p>El flamante presidente de la Asociaci\u00f3n Civil M\u00fasicos de Olavarr\u00eda habl\u00f3 con Central de Noticias sobre los primeros pasos de<\/p>\n","protected":false},"author":5,"featured_media":62011,"comment_status":"closed","ping_status":"closed","sticky":false,"template":"","format":"standard","meta":{"_jetpack_memberships_contains_paid_content":false,"footnotes":""},"categories":[9,1],"tags":[],"class_list":["post-61951","post","type-post","status-publish","format-standard","has-post-thumbnail","hentry","category-cultura","category-portada"],"jetpack_featured_media_url":"https:\/\/i0.wp.com\/cdnoticias.com\/wp-content\/uploads\/2022\/08\/ACMO.jpg?fit=1280%2C768&ssl=1","jetpack_sharing_enabled":true,"_links":{"self":[{"href":"https:\/\/cdnoticias.com\/index.php\/wp-json\/wp\/v2\/posts\/61951","targetHints":{"allow":["GET"]}}],"collection":[{"href":"https:\/\/cdnoticias.com\/index.php\/wp-json\/wp\/v2\/posts"}],"about":[{"href":"https:\/\/cdnoticias.com\/index.php\/wp-json\/wp\/v2\/types\/post"}],"author":[{"embeddable":true,"href":"https:\/\/cdnoticias.com\/index.php\/wp-json\/wp\/v2\/users\/5"}],"replies":[{"embeddable":true,"href":"https:\/\/cdnoticias.com\/index.php\/wp-json\/wp\/v2\/comments?post=61951"}],"version-history":[{"count":0,"href":"https:\/\/cdnoticias.com\/index.php\/wp-json\/wp\/v2\/posts\/61951\/revisions"}],"wp:featuredmedia":[{"embeddable":true,"href":"https:\/\/cdnoticias.com\/index.php\/wp-json\/wp\/v2\/media\/62011"}],"wp:attachment":[{"href":"https:\/\/cdnoticias.com\/index.php\/wp-json\/wp\/v2\/media?parent=61951"}],"wp:term":[{"taxonomy":"category","embeddable":true,"href":"https:\/\/cdnoticias.com\/index.php\/wp-json\/wp\/v2\/categories?post=61951"},{"taxonomy":"post_tag","embeddable":true,"href":"https:\/\/cdnoticias.com\/index.php\/wp-json\/wp\/v2\/tags?post=61951"}],"curies":[{"name":"wp","href":"https:\/\/api.w.org\/{rel}","templated":true}]}}