{"id":61947,"date":"2022-08-11T17:16:04","date_gmt":"2022-08-11T20:16:04","guid":{"rendered":"https:\/\/www.centraldenoticias.com.ar\/?p=61947"},"modified":"2022-08-12T11:39:20","modified_gmt":"2022-08-12T14:39:20","slug":"juicio-la-huerta-el-colimba-dos-veces-desaparecido","status":"publish","type":"post","link":"https:\/\/cdnoticias.com\/index.php\/2022\/08\/11\/juicio-la-huerta-el-colimba-dos-veces-desaparecido\/","title":{"rendered":"Juicio \u201cLa Huerta\u201d: el colimba dos veces desaparecido"},"content":{"rendered":"<p>En la d\u00e9cimo tercera audiencia se abord\u00f3 el caso de Pedro Luis Mazzochi. Al finalizar, el tribunal anunci\u00f3 que se constituir\u00e1 en Tandil nuevamente.<!--more--><\/p>\n<hr \/>\n<p><em>Por Soledad Restivo\/Agencia Comunica\/ UNICEN<\/em><\/p>\n<p>&nbsp;<\/p>\n<p>Luego de la feria de invierno, el juzgado federal retom\u00f3 el debate por los delitos de lesa humanidad cometidos en el Centro de la Provincia de Buenos Aires. Al finalizar la jornada, el tribunal confirm\u00f3 que<strong> el pr\u00f3ximo 15 de septiembre realizar\u00e1 inspecci\u00f3n ocular en el centro clandestino de detenci\u00f3n (CCD) conocido como \u201cChacra de los M\u00e9ndez\u201d<\/strong>, una propiedad de los hermanos Emilio y Julio M\u00e9ndez actualmente acusados por complicidad. Mientras que <strong>el viernes 16 de septiembre se realizar\u00e1 la audiencia en el Aula Magna de la Unicen con la presencia de los jueces en Tandil.<\/strong><\/p>\n<p>&nbsp;<\/p>\n<p>Durante la jornada <strong>se presentaron 7 testigos<\/strong> que declararon sobre el <strong>secuestro, desaparici\u00f3n, tortura y asesinato del soldado conscripto Pedro Luis Mazzochi.<\/strong> A mediados de 1977, ten\u00eda 27 a\u00f1os, estaba cumpliendo con el servicio militar obligatorio en la Base A\u00e9rea Militar en Tandil porque hab\u00eda pedido pr\u00f3rroga para terminar sus estudios de Geolog\u00eda. Era militante pol\u00edtico y social.<\/p>\n<p>&nbsp;<\/p>\n<p>El <strong>11 de julio de 1977,<\/strong> Pedro fue secuestrado a una cuadra de su casa. Sus padres se presentaron en la Base A\u00e9rea y fueron atendidos por Rom\u00e1n Valdecantos, exjefe de Operaciones de la Base A\u00e9rea Militar de Tandil. Reci\u00e9n el 15 de julio, les comunic\u00f3 que el joven se encontraba detenido en el lugar. Fueron a visitarlo ese mismo d\u00eda a la sala de guardia, estaba esposado. Volvieron el 18 de julio, pero no pudieron hablar con \u00e9l por el estado de somnolencia en el que se encontraba. Finalmente lo vieron por \u00faltima vez el 29 de julio custodiado por personal armado. Al d\u00eda siguiente les comunicaron que <strong>\u201cse les escap\u00f3\u201d<\/strong>. Rom\u00e1n Valdecantos integra la n\u00f3mina de 26 imputados en este proceso.<\/p>\n<p>&nbsp;<\/p>\n<p>Sus compa\u00f1eros de la colimba tambi\u00e9n declararon. Lo apodaban \u201cel viejo\u201d porque era m\u00e1s grande que ellos, \u201cbuen pibe y compa\u00f1ero\u201d dijeron. Juan Jos\u00e9 S\u00e1ez, fue quien lo asisti\u00f3 al llegar al predio militar \u201ccaminando desnudo, golpeado y con las manos esposadas\u201d.\u00a0 Carlos Tombolatto, lo vio en sanidad y luego en los calabozos ubicados en la Jefatura de la Base.\u00a0 Les result\u00f3 raro que pudiera \u201cescaparse en ese estado, de ese lugar\u201d. Por su parte, Juan Carlos Pascuzzi dijo que corr\u00edan muchos comentarios. Nunca m\u00e1s supieron de \u00e9l.<\/p>\n<p>&nbsp;<\/p>\n<p><strong>Entre el 11 y el 15 de julio se supone que Pedro estuvo detenido desaparecido en el CCD La Huerta, donde fue torturado con fiereza.<\/strong> Logr\u00f3 escaparse de ese lugar y por ello luego fue apodado \u201cel fugitivo\u201d. <strong>En un acto, hoy calificable como de extrema inocencia e ingenuidad, volvi\u00f3 a la Base A\u00e9rea para pedir socorro.<\/strong><\/p>\n<p>&nbsp;<\/p>\n<p>Con los testimonios de Isabel Fern\u00e1ndez Blanco y Enrique Carlos Ghezan, ambos detenidos desaparecidos sobrevivientes del terrorismo de Estado, la fiscal\u00eda ofreci\u00f3 pruebas del destino de Mazocchi.\u00a0 Durante su propio cautiverio, Enrique tuvo noticias acerca del paradero de Pedro, qui\u00e9n <strong>fue visto por \u00faltima vez en el CCD \u201cLa Cacha\u201d.<\/strong> Con el retorno democr\u00e1tico, Isabel acompa\u00f1o a la familia para denunciar los hechos frente a organismos de DDHH. <strong>En 1998, tuvo que comunicar a los familiares que el Equipo de Antropolog\u00eda Forense hab\u00eda identificado los restos en un cementerio de zona oeste.<\/strong><\/p>\n<p>&nbsp;<\/p>\n<p>Por su parte, el profesor de historia An\u00edbal Daniel Zeballos detall\u00f3 el trabajo realizado por estudiantes para el programa J\u00f3venes y Memoria. <strong>\u201cPedro Mazzochi, dos veces desaparecido\u201d<\/strong> se trata de un audiovisual que recoge diversas voces, testimonios de familiares y amigos, para reconstruir la historia. Fue realizado en el 2010 por estudiantes de la EEM N\u00b0 2 y conforma la prueba documental de este juicio.<\/p>\n<p>&nbsp;<\/p>\n<p>Por \u00faltimo, el suboficial retirado Gustavo Di Tella ofreci\u00f3 un testimonio contundente sobre el posterior accionar de la fuerza. Relat\u00f3 que en 2004 se hizo p\u00fablico el testimonio ofrecido por Eduardo Santell\u00e1n en los Juicios por la Verdad. Eduardo Santell\u00e1n confirm\u00f3 que vio \u201cdeteriorado, con signos de torturas y golpeado\u201d a Pedro Mazzocchi, En la Base Militar A\u00e9rea de Tandil. Por ello, el alto mando de la Base ordeno quemar toda la documentaci\u00f3n anterior al 1984. Quemaron el \u201ccuaderno de soldados de la unidad\u201d y el \u201clibro de sanidad\u201d, tambi\u00e9n ordenaron destruir los calabozos. Di Tella, a riesgo profesional y personal, pudo rescatar una carpeta con \u201ccomunicaciones\u201d que la querella de la Subsecretaria de Derechos Humanos de la Provincia de Buenos Aires ofreci\u00f3 como prueba de los hechos.<\/p>\n<p>&nbsp;<\/p>\n<p>La siguiente jornada se realizar\u00e1 el pr\u00f3ximo <strong>lunes 29 de agosto desde las 11hs en la sala de Mar del Plata<\/strong>, con modalidad mixta: presencial y por plataforma zoom.<\/p>\n<p>&nbsp;<\/p>\n<blockquote class=\"wp-embedded-content\" data-secret=\"PUhFnYH6YI\"><p><a href=\"https:\/\/cdnoticias.com\/index.php\/2022\/07\/03\/lesa-humanidad-en-el-centro-bonaerense-con-tres-testimonios-siguio-el-juicio-la-huerta\/\">Lesa humanidad en el centro bonaerense: con tres testimonios sigui\u00f3 el juicio \u201cLa Huerta\u201d<\/a><\/p><\/blockquote>\n<p><iframe loading=\"lazy\" class=\"wp-embedded-content\" sandbox=\"allow-scripts\" security=\"restricted\" style=\"position: absolute; clip: rect(1px, 1px, 1px, 1px);\" title=\"&#8220;Lesa humanidad en el centro bonaerense: con tres testimonios sigui\u00f3 el juicio \u201cLa Huerta\u201d&#8221; &#8212; Central de Noticias | Olavarr\u00eda\" src=\"https:\/\/cdnoticias.com\/index.php\/2022\/07\/03\/lesa-humanidad-en-el-centro-bonaerense-con-tres-testimonios-siguio-el-juicio-la-huerta\/embed\/#?secret=2qebg8PGEA#?secret=PUhFnYH6YI\" data-secret=\"PUhFnYH6YI\" width=\"600\" height=\"338\" frameborder=\"0\" marginwidth=\"0\" marginheight=\"0\" scrolling=\"no\"><\/iframe><\/p>\n","protected":false},"excerpt":{"rendered":"<p>En la d\u00e9cimo tercera audiencia se abord\u00f3 el caso de Pedro Luis Mazzochi. Al finalizar, el tribunal anunci\u00f3 que se<\/p>\n","protected":false},"author":5,"featured_media":61948,"comment_status":"closed","ping_status":"closed","sticky":false,"template":"","format":"standard","meta":{"_jetpack_memberships_contains_paid_content":false,"footnotes":""},"categories":[6,1],"tags":[],"class_list":["post-61947","post","type-post","status-publish","format-standard","has-post-thumbnail","hentry","category-nacionales","category-portada"],"jetpack_featured_media_url":"https:\/\/i0.wp.com\/cdnoticias.com\/wp-content\/uploads\/2022\/08\/juicio-la-huerta.jpg?fit=1154%2C692&ssl=1","jetpack_sharing_enabled":true,"_links":{"self":[{"href":"https:\/\/cdnoticias.com\/index.php\/wp-json\/wp\/v2\/posts\/61947","targetHints":{"allow":["GET"]}}],"collection":[{"href":"https:\/\/cdnoticias.com\/index.php\/wp-json\/wp\/v2\/posts"}],"about":[{"href":"https:\/\/cdnoticias.com\/index.php\/wp-json\/wp\/v2\/types\/post"}],"author":[{"embeddable":true,"href":"https:\/\/cdnoticias.com\/index.php\/wp-json\/wp\/v2\/users\/5"}],"replies":[{"embeddable":true,"href":"https:\/\/cdnoticias.com\/index.php\/wp-json\/wp\/v2\/comments?post=61947"}],"version-history":[{"count":0,"href":"https:\/\/cdnoticias.com\/index.php\/wp-json\/wp\/v2\/posts\/61947\/revisions"}],"wp:featuredmedia":[{"embeddable":true,"href":"https:\/\/cdnoticias.com\/index.php\/wp-json\/wp\/v2\/media\/61948"}],"wp:attachment":[{"href":"https:\/\/cdnoticias.com\/index.php\/wp-json\/wp\/v2\/media?parent=61947"}],"wp:term":[{"taxonomy":"category","embeddable":true,"href":"https:\/\/cdnoticias.com\/index.php\/wp-json\/wp\/v2\/categories?post=61947"},{"taxonomy":"post_tag","embeddable":true,"href":"https:\/\/cdnoticias.com\/index.php\/wp-json\/wp\/v2\/tags?post=61947"}],"curies":[{"name":"wp","href":"https:\/\/api.w.org\/{rel}","templated":true}]}}