{"id":61800,"date":"2022-08-07T21:24:03","date_gmt":"2022-08-08T00:24:03","guid":{"rendered":"https:\/\/www.centraldenoticias.com.ar\/?p=61800"},"modified":"2022-08-07T21:24:03","modified_gmt":"2022-08-08T00:24:03","slug":"el-covid-19-y-los-cambios-en-las-ciudades-el-caso-de-pinamar","status":"publish","type":"post","link":"https:\/\/cdnoticias.com\/index.php\/2022\/08\/07\/el-covid-19-y-los-cambios-en-las-ciudades-el-caso-de-pinamar\/","title":{"rendered":"El COVID 19 y los cambios en las ciudades: el caso de Pinamar"},"content":{"rendered":"<p style=\"text-align: left;\" align=\"center\">La pandemia hizo repensar los espacios con los que nos habituamos en lo cotidiano. El testimonio de Ariel Galera, Secretario de Planeamiento de la ciudad balnearia. <!--more--><\/p>\n<hr \/>\n<p align=\"justify\"><em>Por Marcos Pascua<\/em><\/p>\n<p align=\"justify\"><span lang=\"es-MX\">Muchas son las huellas que ha dejado la pandemia de COVID 19 a lo largo y ancho del mundo, y aunque si bien, sus efectos hoy son muy menores respecto al a\u00f1o pasado o al 2020, no est\u00e1 mal analizar en retrospectiva los cambios que foment\u00f3 dicha enfermedad. Varias son las ciudades que experimentaron cambios en su dise\u00f1o en funci\u00f3n de la informaci\u00f3n que se ten\u00eda en el momento para disminuir la velocidad de contagiosidad del virus SARS-COV-2, pero lo cierto es que no fue original ya que <\/span><span lang=\"es-MX\"><b>a lo largo de la historia varias fueron las enfermedades que generaron cambios en las ciudades<\/b><\/span><span lang=\"es-MX\"> como fue el brote de c\u00f3lera en el a\u00f1o 1866 en Londres o en 1871 la epidemia de fiebre amarilla que transform\u00f3 la ciudad de Buenos Aires. De alguna manera las enfermedades invitaron a replantearnos como vivimos y en general, en t\u00e9rminos de urbanismo, \u201csalimos mejor\u201d.<\/span><\/p>\n<p align=\"justify\"><span lang=\"es-MX\">En este espacio hemos hablado al pasar de los cambios que se introdujeron en ciudades europeas a partir de la necesidad de generar mayor distanciamiento social, <\/span><span lang=\"es-MX\"><b>pero no todo pasa solamente del otro lado del oc\u00e9ano<\/b><\/span><span lang=\"es-MX\"> y hay algunos ejemplos de ciudades argentinas donde estos cambios tambi\u00e9n se vieron influenciados por la pandemia o como en el caso que vamos a hablar hoy, la idea ya estaba en mente, <\/span><span lang=\"es-MX\"><b>la pandemia solo aceler\u00f3 los procesos<\/b><\/span><span lang=\"es-MX\">. <\/span><\/p>\n<p align=\"justify\"><span lang=\"es-MX\">La ciudad de la que hablaremos hoy es Pinamar, ciudad que se ubica en el sureste de la provincia de Buenos Aires, cabecera de partido hom\u00f3nimo donde tal vez hayas pasado alg\u00fan que otro verano y que se encuentra a unos 350 km de la ciudad de Olavarr\u00eda. Para conversar sobre los cambios que se produjeron en Pinamar es que nos comunicamos con Ariel Galera, arquitecto y actual secretario de Planeamiento, Vivienda y H\u00e1bitat, quien gentilmente accedi\u00f3 a contarnos un poco en que estuvieron trabajando, cuales fueron las repercusiones y cuales son los planes a futuro. <\/span><\/p>\n<p align=\"justify\"><span lang=\"es-MX\"><b>Poco espacio p\u00fablico<\/b><\/span><\/p>\n<p align=\"justify\"><span lang=\"es-MX\">Seguramente te acord\u00e1s, que cuando se comenz\u00f3 a flexibilizar la cuarentena obligatoria por COVID-19, una de las limitaciones era la cantidad de personas que pod\u00edan permanecer dentro de un espacio cerrado, lo que deriv\u00f3 en largas colas en las veredas de algunas ciudades y esa fue una de las primeras necesidades que nos coment\u00f3 Ariel, a partir de la cual comenzaron a trabajar, \u201cPinamar es una ciudad que cuenta con 45 000 habitantes, cuando tienen que hacer tr\u00e1mites se juntan en un radio de cuatro o cinco cuadras, en el centro administrativo, alrededor de la municipalidad y los bancos\u201d. <\/span><\/p>\n<p align=\"justify\"><span lang=\"es-MX\">Si bien, ordenar el espacio p\u00fablico era una idea que ten\u00edan en la secretar\u00eda, la pandemia aceler\u00f3 ese proceso, \u201cno hab\u00eda un gran espacio p\u00fablico, cuando las personas comenzaron a salir, notamos que la gente se agrupaba en las veredas y <\/span><span lang=\"es-MX\"><b>nos sirvi\u00f3 para darnos cuenta que ten\u00edamos poco espacio<\/b><\/span><span lang=\"es-MX\">\u201d.<\/span><\/p>\n<p align=\"justify\"><span lang=\"es-MX\">Una de las primeras medidas en la que trabajaron fue en quitar una serie de estacionamientos a 45\u00b0 ya que \u201cdebido a que en algunas zonas no hab\u00eda veredas, la gente estacionaba sus autos a 45\u00b0 en el espacio entre la l\u00ednea municipal y la calzada y <\/span><span lang=\"es-MX\"><b>quedaba un metro de paso para las personas, lo cual est\u00e1 mal<\/b><\/span><span lang=\"es-MX\"> y, adem\u00e1s, generaba problemas en la salida de los veh\u00edculos a 45\u00b0 ya que no contaban con buena visibilidad\u201d. All\u00ed fue donde \u201cse modific\u00f3 el estacionamiento para que sea paralelo al cord\u00f3n y <\/span><span lang=\"es-MX\"><b>se ampli\u00f3 la vereda para generar mayor circulaci\u00f3n peatonal<\/b><\/span><span lang=\"es-MX\">\u201d.<\/span><\/p>\n<p align=\"justify\"><img data-recalc-dims=\"1\" loading=\"lazy\" decoding=\"async\" class=\"aligncenter size-full wp-image-61801\" src=\"https:\/\/i0.wp.com\/cdnoticias.com\/wp-content\/uploads\/2022\/08\/Imagen-1-2.png?resize=800%2C564&#038;ssl=1\" alt=\"\" width=\"800\" height=\"564\" srcset=\"https:\/\/i0.wp.com\/cdnoticias.com\/wp-content\/uploads\/2022\/08\/Imagen-1-2.png?w=1046&amp;ssl=1 1046w, https:\/\/i0.wp.com\/cdnoticias.com\/wp-content\/uploads\/2022\/08\/Imagen-1-2.png?resize=300%2C211&amp;ssl=1 300w, https:\/\/i0.wp.com\/cdnoticias.com\/wp-content\/uploads\/2022\/08\/Imagen-1-2.png?resize=1024%2C721&amp;ssl=1 1024w, https:\/\/i0.wp.com\/cdnoticias.com\/wp-content\/uploads\/2022\/08\/Imagen-1-2.png?resize=768%2C541&amp;ssl=1 768w\" sizes=\"auto, (max-width: 800px) 100vw, 800px\" \/><\/p>\n<p align=\"justify\">\n<p align=\"justify\"><img data-recalc-dims=\"1\" loading=\"lazy\" decoding=\"async\" class=\"aligncenter size-full wp-image-61802\" src=\"https:\/\/i0.wp.com\/cdnoticias.com\/wp-content\/uploads\/2022\/08\/Imagen-2-2.png?resize=800%2C566&#038;ssl=1\" alt=\"\" width=\"800\" height=\"566\" srcset=\"https:\/\/i0.wp.com\/cdnoticias.com\/wp-content\/uploads\/2022\/08\/Imagen-2-2.png?w=1042&amp;ssl=1 1042w, https:\/\/i0.wp.com\/cdnoticias.com\/wp-content\/uploads\/2022\/08\/Imagen-2-2.png?resize=300%2C212&amp;ssl=1 300w, https:\/\/i0.wp.com\/cdnoticias.com\/wp-content\/uploads\/2022\/08\/Imagen-2-2.png?resize=1024%2C724&amp;ssl=1 1024w, https:\/\/i0.wp.com\/cdnoticias.com\/wp-content\/uploads\/2022\/08\/Imagen-2-2.png?resize=768%2C543&amp;ssl=1 768w\" sizes=\"auto, (max-width: 800px) 100vw, 800px\" \/><\/p>\n<p align=\"justify\">\n<p align=\"justify\"><span lang=\"es-MX\">Otra de las medidas en las que avanzaron fue en la peatonalizaci\u00f3n, \u201cmientas ve\u00edamos que algunas ciudades se cerraban por completo, en Pinamar <\/span><span lang=\"es-MX\"><b>la \u00fanica restricci\u00f3n era la peatonalizaci\u00f3n de 4 cuadras donde los veh\u00edculos no pod\u00edan acceder y eso nos garantiz\u00f3 que la gente pueda circular con el distanciamiento social necesario<\/b><\/span><span lang=\"es-MX\">\u201d.<\/span><\/p>\n<p><span lang=\"es-MX\">En cuanto a la reacci\u00f3n de la comunidad, Ariel nos coment\u00f3 que en principio no fue buena, pero que despu\u00e9s la gente comenz\u00f3 a entender que las medidas eran positivas, \u201cla reacci\u00f3n fue mala, algunos comerciantes cre\u00edan que iban a disminuir las ventas\u201d y aprovech\u00f3 para hablarnos de la importancia de la comunicaci\u00f3n de estas medidas, \u201c<\/span><span lang=\"es-MX\"><b>a veces uno se encuentra trabajando en esto y no tiene tiempo para comunicar <\/b><\/span><span lang=\"es-MX\">y ese espacio lo utilizan otras personas para comunicar mal, pero sab\u00edamos que esa mala reacci\u00f3n ser\u00eda temporal, desde la secretar\u00eda est\u00e1bamos convencidos de que <\/span><span lang=\"es-MX\"><b>lo \u00fanico que no se pod\u00eda hacer, era no hacer nada<\/b><\/span><span lang=\"es-MX\">\u201d.<\/span><\/p>\n<p><span lang=\"es-MX\"><b>El d\u00eda despu\u00e9s<\/b><\/span><\/p>\n<p><span lang=\"es-MX\">Una vez que se comenz\u00f3 a hablar de la post pandemia, Ariel nos coment\u00f3 que siguieron trabajando con los vecinos para <\/span><span lang=\"es-MX\"><b>mejorar la calidad del espacio p\u00fablico, <\/b><\/span><span lang=\"es-MX\">\u201ccomenzamos a trabajar en un proyecto de abrir calles, que en realidad fue aplicar algo que establece la ley nacional de tr\u00e1nsito y que en Pinamar est\u00e1 normado, que es <\/span><span lang=\"es-MX\"><b>la prohibici\u00f3n de estacionar en la margen izquierda de las calles<\/b><\/span><span lang=\"es-MX\">\u201d. Ese espacio fue el que se aprovech\u00f3 para <\/span><span lang=\"es-MX\"><b>ampliar aceras y generar bicisendas y ciclov\u00edas<\/b><\/span><span lang=\"es-MX\">.<\/span><\/p>\n<p>&nbsp;<\/p>\n<p><img data-recalc-dims=\"1\" loading=\"lazy\" decoding=\"async\" class=\"aligncenter size-full wp-image-61803\" src=\"https:\/\/i0.wp.com\/cdnoticias.com\/wp-content\/uploads\/2022\/08\/Imagen-3-2.png?resize=800%2C568&#038;ssl=1\" alt=\"\" width=\"800\" height=\"568\" srcset=\"https:\/\/i0.wp.com\/cdnoticias.com\/wp-content\/uploads\/2022\/08\/Imagen-3-2.png?w=1050&amp;ssl=1 1050w, https:\/\/i0.wp.com\/cdnoticias.com\/wp-content\/uploads\/2022\/08\/Imagen-3-2.png?resize=300%2C213&amp;ssl=1 300w, https:\/\/i0.wp.com\/cdnoticias.com\/wp-content\/uploads\/2022\/08\/Imagen-3-2.png?resize=1024%2C727&amp;ssl=1 1024w, https:\/\/i0.wp.com\/cdnoticias.com\/wp-content\/uploads\/2022\/08\/Imagen-3-2.png?resize=768%2C545&amp;ssl=1 768w\" sizes=\"auto, (max-width: 800px) 100vw, 800px\" \/><\/p>\n<p>&nbsp;<\/p>\n<p><span lang=\"es-MX\"><b>Un cambio cultural<\/b><\/span><\/p>\n<p><span lang=\"es-MX\">Una de las cuestiones que hizo hincapi\u00e9 el arquitecto Galera durante la entrevista fue la cuesti\u00f3n cultural, \u201cm\u00e1s que el trabajo de campo, <\/span><span lang=\"es-MX\"><b>lo m\u00e1s complejo es hacer entender que eso no est\u00e1 bien<\/b><\/span><span lang=\"es-MX\">. Fue una discusi\u00f3n comunicacional y cultural importante, fue dif\u00edcil hacer entender que <\/span><span lang=\"es-MX\"><b>son m\u00e1s importantes las personas que los autos<\/b><\/span><span lang=\"es-MX\">\u201d. En esta cultura autocentrista es la que vivimos lo que se busca desde el \u00e1rea de planeamiento es \u201c<\/span><span lang=\"es-MX\"><b>poner al peat\u00f3n por encima del auto<\/b><\/span><span lang=\"es-MX\">, es dif\u00edcil de entender, pero <\/span><span lang=\"es-MX\"><b>hay cada vez m\u00e1s gente que piensa que la vida no puede ser tirar el auto en cualquier lado y salir<\/b><\/span><span lang=\"es-MX\">.\u201d En el mismo sentido agreg\u00f3, \u201cno se trata de erradicar el autom\u00f3vil, tiene que ver con <\/span><span lang=\"es-MX\"><b>redistribuir el espacio p\u00fablico<\/b><\/span><span lang=\"es-MX\">\u201d.<\/span><\/p>\n<p>&nbsp;<\/p>\n<p><img data-recalc-dims=\"1\" loading=\"lazy\" decoding=\"async\" class=\"aligncenter size-full wp-image-61804\" src=\"https:\/\/i0.wp.com\/cdnoticias.com\/wp-content\/uploads\/2022\/08\/Imagen-4.png?resize=800%2C574&#038;ssl=1\" alt=\"\" width=\"800\" height=\"574\" srcset=\"https:\/\/i0.wp.com\/cdnoticias.com\/wp-content\/uploads\/2022\/08\/Imagen-4.png?w=1042&amp;ssl=1 1042w, https:\/\/i0.wp.com\/cdnoticias.com\/wp-content\/uploads\/2022\/08\/Imagen-4.png?resize=300%2C215&amp;ssl=1 300w, https:\/\/i0.wp.com\/cdnoticias.com\/wp-content\/uploads\/2022\/08\/Imagen-4.png?resize=1024%2C735&amp;ssl=1 1024w, https:\/\/i0.wp.com\/cdnoticias.com\/wp-content\/uploads\/2022\/08\/Imagen-4.png?resize=768%2C551&amp;ssl=1 768w\" sizes=\"auto, (max-width: 800px) 100vw, 800px\" \/><\/p>\n<p>&nbsp;<\/p>\n<p><span lang=\"es-MX\"><b>El verano<\/b><\/span><\/p>\n<p><span lang=\"es-MX\">Como toda ciudad costera, en verano se percibe un aumento notorio de la circulaci\u00f3n, \u201c<\/span><span lang=\"es-MX\"><b>en el verano pasamos de 45 000 a 370 000 personas<\/b><\/span><span lang=\"es-MX\"> y muchas de esas personas no vienen con un auto por familia, generalmente vienen con <\/span><span lang=\"es-MX\"><b>dos autos, cuatriciclos, camionetas<\/b><\/span><span lang=\"es-MX\">, por eso queremos trabajar en <\/span><span lang=\"es-MX\"><b>ordenar la circulaci\u00f3n del autom\u00f3vil en el espacio p\u00fablico<\/b><\/span><span lang=\"es-MX\">\u201d.<\/span><\/p>\n<p><span lang=\"es-MX\">En ese sentido, en una de las avenidas de la ciudad durante el verano llegaban numerosas marcas de autom\u00f3viles para hacer promoci\u00f3n en el espacio p\u00fablico, a prop\u00f3sito de esto, Ariel remarc\u00f3 su postura, pero tambi\u00e9n la del intendente de Pinamar, Mart\u00edn Yeza, \u201c<\/span><span lang=\"es-MX\"><b>no podemos ser reconocidos por ser un sal\u00f3n del autom\u00f3vil al aire libre<\/b><\/span><span lang=\"es-MX\">, en referencia a lo que suced\u00eda en la Avenida Bunge\u201d.<\/span><\/p>\n<p>&nbsp;<\/p>\n<p><img data-recalc-dims=\"1\" loading=\"lazy\" decoding=\"async\" class=\"aligncenter size-full wp-image-61805\" src=\"https:\/\/i0.wp.com\/cdnoticias.com\/wp-content\/uploads\/2022\/08\/Imagen-5-1.png?resize=800%2C526&#038;ssl=1\" alt=\"\" width=\"800\" height=\"526\" srcset=\"https:\/\/i0.wp.com\/cdnoticias.com\/wp-content\/uploads\/2022\/08\/Imagen-5-1.png?w=1022&amp;ssl=1 1022w, https:\/\/i0.wp.com\/cdnoticias.com\/wp-content\/uploads\/2022\/08\/Imagen-5-1.png?resize=300%2C197&amp;ssl=1 300w, https:\/\/i0.wp.com\/cdnoticias.com\/wp-content\/uploads\/2022\/08\/Imagen-5-1.png?resize=768%2C505&amp;ssl=1 768w\" sizes=\"auto, (max-width: 800px) 100vw, 800px\" \/><\/p>\n<p>&nbsp;<\/p>\n<p><img data-recalc-dims=\"1\" loading=\"lazy\" decoding=\"async\" class=\"aligncenter size-full wp-image-61807\" src=\"https:\/\/i0.wp.com\/cdnoticias.com\/wp-content\/uploads\/2022\/08\/Imagen-6.png?resize=800%2C537&#038;ssl=1\" alt=\"\" width=\"800\" height=\"537\" srcset=\"https:\/\/i0.wp.com\/cdnoticias.com\/wp-content\/uploads\/2022\/08\/Imagen-6.png?w=1017&amp;ssl=1 1017w, https:\/\/i0.wp.com\/cdnoticias.com\/wp-content\/uploads\/2022\/08\/Imagen-6.png?resize=300%2C201&amp;ssl=1 300w, https:\/\/i0.wp.com\/cdnoticias.com\/wp-content\/uploads\/2022\/08\/Imagen-6.png?resize=768%2C516&amp;ssl=1 768w, https:\/\/i0.wp.com\/cdnoticias.com\/wp-content\/uploads\/2022\/08\/Imagen-6.png?resize=272%2C182&amp;ssl=1 272w\" sizes=\"auto, (max-width: 800px) 100vw, 800px\" \/><\/p>\n<p>&nbsp;<\/p>\n<p><span lang=\"es-MX\">Otro proyecto fue el de <\/span><span lang=\"es-MX\"><b>ordenar la circulaci\u00f3n en la zona costera<\/b><\/span><span lang=\"es-MX\">, \u201chace dos a\u00f1os hicimos un camino protegido por unas maderas de manera de ordenar el tr\u00e1nsito peatonal, fue muy resistido por concesionarios de la playa, pero despu\u00e9s nos comentaron que triplicaron las ventas\u201d. En este punto Ariel nos coment\u00f3 que el aumento en las ventas puede ser por varios motivos, pero a diferencia de antes, <\/span><span lang=\"es-MX\"><b>la gente ahora puede acercarse a comer algo a la playa \u201ccaminando, en forma tranquila\u201d<\/b><\/span><span lang=\"es-MX\">.<\/span><\/p>\n<p><span lang=\"es-MX\"><b>Los planes a futuro<\/b><\/span><\/p>\n<p><span lang=\"es-MX\">Una de los proyectos que nos coment\u00f3 Galera fue el de ampliar la red de ciclov\u00edas, \u201chay trabajos que se necesita el financiamiento de Naci\u00f3n, en su momento trabajamos con ellos y tambi\u00e9n con la Ciudad de Buenos Aires en un proyecto de ciclov\u00edas, estamos intentando retomar la idea para poder llevarlo adelante\u201d. Sobre la bicicleta agreg\u00f3, \u201c<\/span><span lang=\"es-MX\"><b>es un veh\u00edculo que en Pinamar se utiliza mucho como medio de transporte, <\/b><\/span><span lang=\"es-MX\">no solo como elemento recreativo, luego de las bicisendas y ciclov\u00edas que realizamos, tenemos mediciones y vimos que <\/span><span lang=\"es-MX\"><b>aument\u00f3 mucho la cantidad de bicicletas circulando por la ciudad<\/b><\/span><span lang=\"es-MX\">.\u201d Tambi\u00e9n nos cont\u00f3 \u201cal principio son medidas resistidas, pero <\/span><span lang=\"es-MX\"><b>con el paso del tiempo la repercusi\u00f3n mejora<\/b><\/span><span lang=\"es-MX\">\u201d.<\/span><\/p>\n<p>&nbsp;<\/p>\n<p><img data-recalc-dims=\"1\" loading=\"lazy\" decoding=\"async\" class=\"aligncenter size-full wp-image-61806\" src=\"https:\/\/i0.wp.com\/cdnoticias.com\/wp-content\/uploads\/2022\/08\/Imagen-7.png?resize=800%2C568&#038;ssl=1\" alt=\"\" width=\"800\" height=\"568\" srcset=\"https:\/\/i0.wp.com\/cdnoticias.com\/wp-content\/uploads\/2022\/08\/Imagen-7.png?w=987&amp;ssl=1 987w, https:\/\/i0.wp.com\/cdnoticias.com\/wp-content\/uploads\/2022\/08\/Imagen-7.png?resize=300%2C213&amp;ssl=1 300w, https:\/\/i0.wp.com\/cdnoticias.com\/wp-content\/uploads\/2022\/08\/Imagen-7.png?resize=768%2C545&amp;ssl=1 768w\" sizes=\"auto, (max-width: 800px) 100vw, 800px\" \/><\/p>\n<p>&nbsp;<\/p>\n<p><span lang=\"es-MX\">Desde la secretar\u00eda \u201ctratamos de exigir a los proyectos que llegan, cuestiones que mejoren el espacio p\u00fablico y que no impliquen recursos al municipio, mientras que desde la municipalidad tratamos de trabajar en veredas, cordones, obras de bajo presupuesto que nos ayudan a materializar la idea.\u201d<\/span><\/p>\n<p><span lang=\"es-MX\">Adem\u00e1s, nos coment\u00f3 que cuando tienen la oportunidad tratan de trabajar en la formaci\u00f3n, \u201cuno de los ejes en los que trabajamos es en la formaci\u00f3n, cuando tenemos oportunidad tratamos de llevar el mensaje de <\/span><span lang=\"es-MX\"><b>mejorar el espacio p\u00fablico<\/b><\/span><span lang=\"es-MX\"> a la sociedad y de <\/span><span lang=\"es-MX\"><b>la importancia de la movilidad sustentable<\/b><\/span><span lang=\"es-MX\">\u201d.<\/span><\/p>\n<p><span lang=\"es-MX\">Los ejes en los que se enmarca el trabajo de la secretar\u00eda son:<\/span><\/p>\n<ul>\n<li style=\"list-style-type: none;\">\n<ul>\n<li>Descentralizaci\u00f3n<\/li>\n<\/ul>\n<\/li>\n<\/ul>\n<ul>\n<li style=\"list-style-type: none;\">\n<ul>\n<li>Movilidad<\/li>\n<\/ul>\n<\/li>\n<\/ul>\n<ul>\n<li style=\"list-style-type: none;\">\n<ul>\n<li>Revitalizaci\u00f3n del espacio p\u00fablico<\/li>\n<\/ul>\n<\/li>\n<\/ul>\n<ul>\n<li style=\"list-style-type: none;\">\n<ul>\n<li>Equilibro entre el entorno natural y lo construido.<\/li>\n<\/ul>\n<\/li>\n<\/ul>\n<p>&nbsp;<\/p>\n<p><span lang=\"es-MX\">Tal vez una de las frases m\u00e1s interesantes que nos dej\u00f3 Ariel fue la importancia de no abandonar la idea, aunque a veces sea dif\u00edcil de transmitir, \u201cno se puede abandonar esa idea, porque <\/span><span lang=\"es-MX\"><b>creemos que mejorar el espacio p\u00fablico, es mejorar la calidad de vida de la gente<\/b><\/span><span lang=\"es-MX\">.\u201d <\/span><\/p>\n<p><span lang=\"es-MX\">Si quer\u00e9s ver un poco m\u00e1s del trabajo en Pinamar te dejo un par de links a dos videos cortitos donde pod\u00e9s visualizar un poco mejor lo que hablamos ac\u00e1, <a href=\"https:\/\/www.youtube.com\/watch?v=rw8AsMLLHrM\">uno<\/a> y <a href=\"https:\/\/www.youtube.com\/watch?v=pzFqqW4L90E&amp;feature=youtu.be\">otro<\/a>.<\/span><\/p>\n<p><span lang=\"es-MX\"><b>Conclusi\u00f3n<\/b><\/span><\/p>\n<p><span lang=\"es-MX\">Como vimos, no solo los cambios en las ciudades se dieron en Europa, tambi\u00e9n en Argentina y dentro de la provincia de Buenos Aires, la idea de <\/span><span lang=\"es-MX\"><b>redistribuir el espacio p\u00fablico<\/b><\/span><span lang=\"es-MX\">, de <\/span><span lang=\"es-MX\"><b>mejorar la calidad de vida tanto para las personas como para el entorno<\/b><\/span><span lang=\"es-MX\">, de <\/span><span lang=\"es-MX\"><b>racionalizar el uso del auto <\/b><\/span><span lang=\"es-MX\">comienza a ejecutarse en algunos lugares, de a poco el paradigma comienza a cambiar con acciones donde <\/span><span lang=\"es-MX\"><b>la parte t\u00e9cnica y la decisi\u00f3n pol\u00edtica son fundamentales<\/b><\/span><span lang=\"es-MX\"> para trabajar en esas ciudades enfocadas en las personas.<\/span><\/p>\n<p><span lang=\"es-MX\">Nos leemos en dos semanas de nuevo.<\/span><\/p>\n","protected":false},"excerpt":{"rendered":"<p>La pandemia hizo repensar los espacios con los que nos habituamos en lo cotidiano. El testimonio de Ariel Galera, Secretario<\/p>\n","protected":false},"author":5,"featured_media":61808,"comment_status":"closed","ping_status":"closed","sticky":false,"template":"","format":"standard","meta":{"_jetpack_memberships_contains_paid_content":false,"footnotes":""},"categories":[5,1],"tags":[],"class_list":["post-61800","post","type-post","status-publish","format-standard","has-post-thumbnail","hentry","category-informacion-general","category-portada"],"jetpack_featured_media_url":"https:\/\/i0.wp.com\/cdnoticias.com\/wp-content\/uploads\/2022\/08\/pinamar.jpg?fit=1200%2C799&ssl=1","jetpack_sharing_enabled":true,"_links":{"self":[{"href":"https:\/\/cdnoticias.com\/index.php\/wp-json\/wp\/v2\/posts\/61800","targetHints":{"allow":["GET"]}}],"collection":[{"href":"https:\/\/cdnoticias.com\/index.php\/wp-json\/wp\/v2\/posts"}],"about":[{"href":"https:\/\/cdnoticias.com\/index.php\/wp-json\/wp\/v2\/types\/post"}],"author":[{"embeddable":true,"href":"https:\/\/cdnoticias.com\/index.php\/wp-json\/wp\/v2\/users\/5"}],"replies":[{"embeddable":true,"href":"https:\/\/cdnoticias.com\/index.php\/wp-json\/wp\/v2\/comments?post=61800"}],"version-history":[{"count":0,"href":"https:\/\/cdnoticias.com\/index.php\/wp-json\/wp\/v2\/posts\/61800\/revisions"}],"wp:featuredmedia":[{"embeddable":true,"href":"https:\/\/cdnoticias.com\/index.php\/wp-json\/wp\/v2\/media\/61808"}],"wp:attachment":[{"href":"https:\/\/cdnoticias.com\/index.php\/wp-json\/wp\/v2\/media?parent=61800"}],"wp:term":[{"taxonomy":"category","embeddable":true,"href":"https:\/\/cdnoticias.com\/index.php\/wp-json\/wp\/v2\/categories?post=61800"},{"taxonomy":"post_tag","embeddable":true,"href":"https:\/\/cdnoticias.com\/index.php\/wp-json\/wp\/v2\/tags?post=61800"}],"curies":[{"name":"wp","href":"https:\/\/api.w.org\/{rel}","templated":true}]}}