{"id":61796,"date":"2022-08-07T21:09:39","date_gmt":"2022-08-08T00:09:39","guid":{"rendered":"https:\/\/www.centraldenoticias.com.ar\/?p=61796"},"modified":"2022-08-08T10:13:16","modified_gmt":"2022-08-08T13:13:16","slug":"una-persona-resulto-herida-en-un-violento-vuelco-en-la-rotonda-de-cerro-negro","status":"publish","type":"post","link":"https:\/\/cdnoticias.com\/index.php\/2022\/08\/07\/una-persona-resulto-herida-en-un-violento-vuelco-en-la-rotonda-de-cerro-negro\/","title":{"rendered":"Una persona result\u00f3 herida en un violento vuelco en la rotonda de Cerro Negro"},"content":{"rendered":"<p>Por falta de luminaria en el lugar, el conductor pas\u00f3 de largo e impact\u00f3 contra la rotonda. Fue trasladado al Hospital Municipal.<!--more--><\/p>\n<hr \/>\n<p>Este domingo cerca de las 20:00 horas<strong> se produjo un violento vuelco en la rotonda de Cerro Negro. El conductor de un auto, un joven, result\u00f3 herido y fue trasladado al Hospital.<\/strong><\/p>\n<p>&nbsp;<\/p>\n<p>Seg\u00fan se logr\u00f3 saber<strong>, la falta de iluminaci\u00f3n en el lugar<\/strong> -Central de Noticias pudo corroborar efectivamente que la luminaria de la rotonda no funcionaba-<strong> gener\u00f3 que el conductor \u201cse comiera\u201d la rotonda y volcando, quedando sobre la isla ubicada en Ruta 226.<\/strong><\/p>\n<p>&nbsp;<\/p>\n<figure id=\"attachment_61798\" aria-describedby=\"caption-attachment-61798\" style=\"width: 1152px\" class=\"wp-caption aligncenter\"><img data-recalc-dims=\"1\" loading=\"lazy\" decoding=\"async\" class=\"size-full wp-image-61798\" src=\"https:\/\/i0.wp.com\/cdnoticias.com\/wp-content\/uploads\/2022\/08\/WhatsApp-Image-2022-08-07-at-8.40.03-PM-1.jpeg?resize=800%2C600&#038;ssl=1\" alt=\"\" width=\"800\" height=\"600\" srcset=\"https:\/\/i0.wp.com\/cdnoticias.com\/wp-content\/uploads\/2022\/08\/WhatsApp-Image-2022-08-07-at-8.40.03-PM-1.jpeg?w=1152&amp;ssl=1 1152w, https:\/\/i0.wp.com\/cdnoticias.com\/wp-content\/uploads\/2022\/08\/WhatsApp-Image-2022-08-07-at-8.40.03-PM-1.jpeg?resize=300%2C225&amp;ssl=1 300w, https:\/\/i0.wp.com\/cdnoticias.com\/wp-content\/uploads\/2022\/08\/WhatsApp-Image-2022-08-07-at-8.40.03-PM-1.jpeg?resize=1024%2C768&amp;ssl=1 1024w, https:\/\/i0.wp.com\/cdnoticias.com\/wp-content\/uploads\/2022\/08\/WhatsApp-Image-2022-08-07-at-8.40.03-PM-1.jpeg?resize=768%2C576&amp;ssl=1 768w\" sizes=\"auto, (max-width: 800px) 100vw, 800px\" \/><figcaption id=\"caption-attachment-61798\" class=\"wp-caption-text\">La visibilidad en la rotonda estaba reducida por falta de funcionamiento de las luminarias.<\/figcaption><\/figure>\n<p>&nbsp;<\/p>\n<p>El veh\u00edculo, un Citroen C4, result\u00f3 con importantes da\u00f1os y a pesar de la violencia del vuelco,<strong> el joven tuvo algunos golpes. De todas maneras, fue trasladado al Hospital Municipal para hacer una evaluaci\u00f3n m\u00e1s exhaustiva.<\/strong><\/p>\n<p>&nbsp;<\/p>\n<p>En en lugar trabaj\u00f3 personal Vial y Comando de Patrullas,<strong> quienes redujeron el tr\u00e1nsito en la rotonda, aunque con la debida precauci\u00f3n se puede circular con total normalidad.<\/strong><\/p>\n","protected":false},"excerpt":{"rendered":"<p>Por falta de luminaria en el lugar, el conductor pas\u00f3 de largo e impact\u00f3 contra la rotonda. Fue trasladado al<\/p>\n","protected":false},"author":5,"featured_media":61797,"comment_status":"closed","ping_status":"closed","sticky":false,"template":"","format":"standard","meta":{"_jetpack_memberships_contains_paid_content":false,"footnotes":""},"categories":[14,1],"tags":[],"class_list":["post-61796","post","type-post","status-publish","format-standard","has-post-thumbnail","hentry","category-policiales","category-portada"],"jetpack_featured_media_url":"https:\/\/i0.wp.com\/cdnoticias.com\/wp-content\/uploads\/2022\/08\/WhatsApp-Image-2022-08-07-at-8.40.03-PM.jpeg?fit=1152%2C864&ssl=1","jetpack_sharing_enabled":true,"_links":{"self":[{"href":"https:\/\/cdnoticias.com\/index.php\/wp-json\/wp\/v2\/posts\/61796","targetHints":{"allow":["GET"]}}],"collection":[{"href":"https:\/\/cdnoticias.com\/index.php\/wp-json\/wp\/v2\/posts"}],"about":[{"href":"https:\/\/cdnoticias.com\/index.php\/wp-json\/wp\/v2\/types\/post"}],"author":[{"embeddable":true,"href":"https:\/\/cdnoticias.com\/index.php\/wp-json\/wp\/v2\/users\/5"}],"replies":[{"embeddable":true,"href":"https:\/\/cdnoticias.com\/index.php\/wp-json\/wp\/v2\/comments?post=61796"}],"version-history":[{"count":0,"href":"https:\/\/cdnoticias.com\/index.php\/wp-json\/wp\/v2\/posts\/61796\/revisions"}],"wp:featuredmedia":[{"embeddable":true,"href":"https:\/\/cdnoticias.com\/index.php\/wp-json\/wp\/v2\/media\/61797"}],"wp:attachment":[{"href":"https:\/\/cdnoticias.com\/index.php\/wp-json\/wp\/v2\/media?parent=61796"}],"wp:term":[{"taxonomy":"category","embeddable":true,"href":"https:\/\/cdnoticias.com\/index.php\/wp-json\/wp\/v2\/categories?post=61796"},{"taxonomy":"post_tag","embeddable":true,"href":"https:\/\/cdnoticias.com\/index.php\/wp-json\/wp\/v2\/tags?post=61796"}],"curies":[{"name":"wp","href":"https:\/\/api.w.org\/{rel}","templated":true}]}}