{"id":61747,"date":"2022-08-07T12:00:40","date_gmt":"2022-08-07T15:00:40","guid":{"rendered":"https:\/\/www.centraldenoticias.com.ar\/?p=61747"},"modified":"2022-08-07T18:35:50","modified_gmt":"2022-08-07T21:35:50","slug":"el-municipio-invertira-mas-de-30-millones-en-camaras-para-cuatro-localidades","status":"publish","type":"post","link":"https:\/\/cdnoticias.com\/index.php\/2022\/08\/07\/el-municipio-invertira-mas-de-30-millones-en-camaras-para-cuatro-localidades\/","title":{"rendered":"El Municipio invertir\u00e1 m\u00e1s de 30 millones en c\u00e1maras para cuatro localidades"},"content":{"rendered":"<p>Se licita la compra e instalaci\u00f3n en Hinojo, Colonia Hinojo, Sierras Bayas y Loma Negra. El subsecretario de Seguridad indic\u00f3 que tambi\u00e9n se sumar\u00e1 vigilancia en las escuelas del barrio CECO.<!--more--><\/p>\n<hr \/>\n<p><strong>El Municipio abri\u00f3 la licitaci\u00f3n para la colocaci\u00f3n de c\u00e1maras de seguridad en las localidades de Hinojo, Colonia Hinojo, Sierras Bayas y Loma Negra<\/strong>. En cada una de ellas se dispondr\u00e1n <strong>entre cinco y seis puntos estrat\u00e9gicos<\/strong> de monitoreo, la mayor\u00eda de los cuales se corresponden con accesos a las localidades.<\/p>\n<p>&nbsp;<\/p>\n<p><strong>Central de Noticias<\/strong> habl\u00f3 con el <strong>subsecretario de Seguridad municipal, Mario Busto<\/strong>, quien inform\u00f3 que adem\u00e1s <strong>habr\u00e1 m\u00e1s c\u00e1maras para el barrio CECO y se reemplazar\u00e1n equipos que ya cumplieron su ciclo de funcionamiento<\/strong>. Todo se contempla en la misma licitaci\u00f3n.<\/p>\n<p>&nbsp;<\/p>\n<blockquote><p>\u201cLa ampliaci\u00f3n del servicio que nos encarg\u00f3 el intendente y lo hacemos desde la Subsecretar\u00eda es poner esas c\u00e1maras en mayor parte en Hinojo, Colonia Hinojo, Sierras Bayas y Loma Negra tanto en las entradas como dentro de cada localidad, para ser monitoreadas desde el Centro de Monitoreo, si es posible\u201d explic\u00f3 Busto.<\/p><\/blockquote>\n<p>&nbsp;<\/p>\n<p>Consider\u00f3 que desde el punto de vista tecnol\u00f3gico s\u00ed es posible sostener el monitoreo desde Olavarr\u00eda: <strong>\u201cvamos a tener vista en tiempo real y, por supuesto, en pleno contacto con la polic\u00eda de cada localidad\u201d<\/strong>. Tambi\u00e9n remarc\u00f3 que el objetivo del \u00e1rea que encabeza es efectuar todos estos cambios, y m\u00e1s, antes de fin de a\u00f1o.<\/p>\n<p>&nbsp;<\/p>\n<p><img data-recalc-dims=\"1\" loading=\"lazy\" decoding=\"async\" class=\"size-full wp-image-61749 aligncenter\" src=\"https:\/\/i0.wp.com\/cdnoticias.com\/wp-content\/uploads\/2022\/08\/Seguridad-Monitoreo-mario-busto-daniel-manuel-00.jpg?resize=800%2C445&#038;ssl=1\" alt=\"\" width=\"800\" height=\"445\" srcset=\"https:\/\/i0.wp.com\/cdnoticias.com\/wp-content\/uploads\/2022\/08\/Seguridad-Monitoreo-mario-busto-daniel-manuel-00.jpg?w=800&amp;ssl=1 800w, https:\/\/i0.wp.com\/cdnoticias.com\/wp-content\/uploads\/2022\/08\/Seguridad-Monitoreo-mario-busto-daniel-manuel-00.jpg?resize=300%2C167&amp;ssl=1 300w, https:\/\/i0.wp.com\/cdnoticias.com\/wp-content\/uploads\/2022\/08\/Seguridad-Monitoreo-mario-busto-daniel-manuel-00.jpg?resize=768%2C427&amp;ssl=1 768w\" sizes=\"auto, (max-width: 800px) 100vw, 800px\" \/><\/p>\n<p>&nbsp;<\/p>\n<p><strong>Licitaci\u00f3n<\/strong><\/p>\n<p>&nbsp;<\/p>\n<p>La inversi\u00f3n prevista para <em>\u201cmontaje, provisi\u00f3n e instalaci\u00f3n de c\u00e1maras en localidades; c\u00e1maras y domos para recambio en zona urbana\u201d<\/em> es de <strong>33 millones de pesos<\/strong>. Los pliegos ya est\u00e1n a la venta. El plazo de ejecuci\u00f3n desde la adjudicaci\u00f3n de la obra es de 70 d\u00edas corridos.<\/p>\n<p>&nbsp;<\/p>\n<p><strong>El acto de apertura de ofertas se fij\u00f3 para el mi\u00e9rcoles 17 de agosto<\/strong> a las 10 en el Palacio San Mart\u00edn.<\/p>\n<p>&nbsp;<\/p>\n<blockquote><p>La compra que previ\u00f3 la Subsecretar\u00eda de Seguridad municipal es de 107 c\u00e1maras fijas, 20 domos y cuatro grabadores en red profesionales. Cada uno de estos grupos de compras incluyen distintos tipos de equipamientos con especificaciones t\u00e9cnicas diferenciadas para la \u201cinstalaci\u00f3n, configuraci\u00f3n y puesta en marcha de un sistema de CCTV en red con inteligencia artificial\u201d.<\/p><\/blockquote>\n<p>&nbsp;<\/p>\n<p>Entre los detalles que se requieren se cuenta que <strong>el sistema \u201cdebe ser ampliable, flexible y 100% compatible con los sistemas, terminales de monitoreo y software de gesti\u00f3n del actual sistema<\/strong> de vigilancia inal\u00e1mbrico con que cuenta el centro de monitoreo\u201d de Olavarr\u00eda.<\/p>\n<p>&nbsp;<\/p>\n<p>En esta licitaci\u00f3n la Municipalidad previ\u00f3 como requisito la \u201cvisita de obra obligatoria dentro del plazo de 10 d\u00edas corridos antes de la apertura de la licitaci\u00f3n y colocaci\u00f3n en muestra de una c\u00e1mara fija y un domo PTZ en un punto a designar de la ciudad\u201d.<\/p>\n<p>&nbsp;<\/p>\n<p><img data-recalc-dims=\"1\" loading=\"lazy\" decoding=\"async\" class=\"size-large wp-image-15397 aligncenter\" src=\"https:\/\/i0.wp.com\/cdnoticias.com\/wp-content\/uploads\/2021\/03\/camara-interior-cdn02.jpg?resize=800%2C409&#038;ssl=1\" alt=\"\" width=\"800\" height=\"409\" srcset=\"https:\/\/i0.wp.com\/cdnoticias.com\/wp-content\/uploads\/2021\/03\/camara-interior-cdn02.jpg?resize=1024%2C523&amp;ssl=1 1024w, https:\/\/i0.wp.com\/cdnoticias.com\/wp-content\/uploads\/2021\/03\/camara-interior-cdn02.jpg?resize=300%2C153&amp;ssl=1 300w, https:\/\/i0.wp.com\/cdnoticias.com\/wp-content\/uploads\/2021\/03\/camara-interior-cdn02.jpg?resize=768%2C392&amp;ssl=1 768w, https:\/\/i0.wp.com\/cdnoticias.com\/wp-content\/uploads\/2021\/03\/camara-interior-cdn02.jpg?w=1168&amp;ssl=1 1168w\" sizes=\"auto, (max-width: 800px) 100vw, 800px\" \/><\/p>\n<p>&nbsp;<\/p>\n<p><strong>En las localidades<\/strong><\/p>\n<p>&nbsp;<\/p>\n<p><strong>En Colonia Hinojo e Hinojo<\/strong> se colocar\u00e1n c\u00e1maras en rotondas, en calles principales e ingresos. La previsi\u00f3n es ubicar<strong> 14 c\u00e1maras<\/strong> en total.<\/p>\n<p>&nbsp;<\/p>\n<p><strong>Para Sierras Bayas<\/strong> se proyectaron <strong>15 c\u00e1maras<\/strong> a ubicar en la rotonda de ingreso, en distintos puntos de calles principales y tambi\u00e9n en un espacio p\u00fablico.<\/p>\n<p>&nbsp;<\/p>\n<p>En el caso de <strong>Loma Negra<\/strong> suman tambi\u00e9n <strong>14 los equipos a ubicar<\/strong> en ingresos y en espacios p\u00fablicos. Aqu\u00ed se tuvo en cuenta que<strong> ya existe una c\u00e1mara inal\u00e1mbrica de monitoreo municipal<\/strong> en uno de los accesos sobre la ruta 51 y tambi\u00e9n una fotomulta de la Provincia de Buenos Aires ubicada en esas inmediaciones.<\/p>\n<p>&nbsp;<\/p>\n<p>En todas las localidades se contempl\u00f3 <strong>disponer equipos en dependencias municipales<\/strong> con vigilancia local. Asimismo, en cada detalle se dej\u00f3 en claro que se requiere la compatibilidad para la \u201cvisualizaci\u00f3n desde el centro de monitoreo del Municipio de Olavarr\u00eda\u201d.<\/p>\n<p>&nbsp;<\/p>\n<p><img data-recalc-dims=\"1\" loading=\"lazy\" decoding=\"async\" class=\"size-large wp-image-44607 aligncenter\" src=\"https:\/\/i0.wp.com\/cdnoticias.com\/wp-content\/uploads\/2022\/01\/Seguridad-Camaras-de-Seguridad-Sierra-Chica-1-scaled-1.jpg?resize=800%2C534&#038;ssl=1\" alt=\"\" width=\"800\" height=\"534\" srcset=\"https:\/\/i0.wp.com\/cdnoticias.com\/wp-content\/uploads\/2022\/01\/Seguridad-Camaras-de-Seguridad-Sierra-Chica-1-scaled-1.jpg?resize=1024%2C684&amp;ssl=1 1024w, https:\/\/i0.wp.com\/cdnoticias.com\/wp-content\/uploads\/2022\/01\/Seguridad-Camaras-de-Seguridad-Sierra-Chica-1-scaled-1.jpg?resize=300%2C201&amp;ssl=1 300w, https:\/\/i0.wp.com\/cdnoticias.com\/wp-content\/uploads\/2022\/01\/Seguridad-Camaras-de-Seguridad-Sierra-Chica-1-scaled-1.jpg?resize=768%2C513&amp;ssl=1 768w, https:\/\/i0.wp.com\/cdnoticias.com\/wp-content\/uploads\/2022\/01\/Seguridad-Camaras-de-Seguridad-Sierra-Chica-1-scaled-1.jpg?resize=1536%2C1027&amp;ssl=1 1536w, https:\/\/i0.wp.com\/cdnoticias.com\/wp-content\/uploads\/2022\/01\/Seguridad-Camaras-de-Seguridad-Sierra-Chica-1-scaled-1.jpg?resize=2048%2C1369&amp;ssl=1 2048w, https:\/\/i0.wp.com\/cdnoticias.com\/wp-content\/uploads\/2022\/01\/Seguridad-Camaras-de-Seguridad-Sierra-Chica-1-scaled-1.jpg?resize=272%2C182&amp;ssl=1 272w, https:\/\/i0.wp.com\/cdnoticias.com\/wp-content\/uploads\/2022\/01\/Seguridad-Camaras-de-Seguridad-Sierra-Chica-1-scaled-1.jpg?w=1600&amp;ssl=1 1600w, https:\/\/i0.wp.com\/cdnoticias.com\/wp-content\/uploads\/2022\/01\/Seguridad-Camaras-de-Seguridad-Sierra-Chica-1-scaled-1.jpg?w=2400&amp;ssl=1 2400w\" sizes=\"auto, (max-width: 800px) 100vw, 800px\" \/><\/p>\n<p>&nbsp;<\/p>\n<p><strong>En barrio CECO<\/strong><\/p>\n<p>&nbsp;<\/p>\n<p>El subsecretario Mario Busto hizo hincapi\u00e9 en que <strong>adem\u00e1s se mejorar\u00e1 el monitoreo en el barrio CECO<\/strong>, con objetivo especial en los establecimientos educativos.<\/p>\n<p>&nbsp;<\/p>\n<blockquote><p>En ese sentido, inform\u00f3 que parte de los equipos a adquirir en esta licitaci\u00f3n se colocar\u00e1n sobre la avenida Per\u00f3n hacia los centros educativos all\u00ed ubicados: el jard\u00edn, la escuela primaria y la secundaria. \u201cNo queremos que pase lo que ha pasado a\u00f1os anteriores que hubo agresiones y da\u00f1os, entonces lo vamos a monitorear desde el Centro de Monitoreo local\u201d plante\u00f3 el subsecretario.<\/p><\/blockquote>\n<p>&nbsp;<\/p>\n<p>Finalmente, inform\u00f3 que los restantes equipos que comprar\u00e1 la Municipalidad se destinar\u00e1n a <strong>reemplazar c\u00e1maras \u201cque ya cumplieron el ciclo desde que se pusieron<\/strong>. Si bien no interrumpen el monitoreo, no es lo mismo que poner una c\u00e1mara nueva\u201d. Mario Busto se refiri\u00f3 a<strong> la \u201cmayor nitidez\u201d en las im\u00e1genes que permitir\u00e1n los nuevos dispositivos<\/strong>, especialmente los que se retirar\u00e1n que tienen una definici\u00f3n de 2 megap\u00edxeles para colocar los que tienen hasta 8 megap\u00edxeles.<\/p>\n<p>&nbsp;<\/p>\n<p><img data-recalc-dims=\"1\" loading=\"lazy\" decoding=\"async\" class=\"size-large wp-image-1360 aligncenter\" src=\"https:\/\/i0.wp.com\/cdnoticias.com\/wp-content\/uploads\/2020\/09\/Cmo2.jpg?resize=800%2C600&#038;ssl=1\" alt=\"\" width=\"800\" height=\"600\" srcset=\"https:\/\/i0.wp.com\/cdnoticias.com\/wp-content\/uploads\/2020\/09\/Cmo2.jpg?resize=1024%2C768&amp;ssl=1 1024w, https:\/\/i0.wp.com\/cdnoticias.com\/wp-content\/uploads\/2020\/09\/Cmo2.jpg?resize=300%2C225&amp;ssl=1 300w, https:\/\/i0.wp.com\/cdnoticias.com\/wp-content\/uploads\/2020\/09\/Cmo2.jpg?resize=768%2C576&amp;ssl=1 768w, https:\/\/i0.wp.com\/cdnoticias.com\/wp-content\/uploads\/2020\/09\/Cmo2.jpg?w=1600&amp;ssl=1 1600w, https:\/\/i0.wp.com\/cdnoticias.com\/wp-content\/uploads\/2020\/09\/Cmo2.jpg?w=2400&amp;ssl=1 2400w\" sizes=\"auto, (max-width: 800px) 100vw, 800px\" \/><\/p>\n<p>&nbsp;<\/p>\n<p><strong>Monitoreo<\/strong><\/p>\n<p>&nbsp;<\/p>\n<p><a href=\"https:\/\/cdnoticias.com\/index.php\/2022\/08\/04\/en-el-centro-de-monitoreo-se-reciben-alrededor-de-800-denuncias-por-mes\/\" target=\"_blank\" rel=\"noopener\">En un informe emitido d\u00edas pasados desde la Subsecretar\u00eda de Seguridad municipal<\/a>, se inform\u00f3 que el Partido de Olavarr\u00eda cuenta actualmente con m\u00e1s de 270 c\u00e1maras de seguridad dispuestas en sitios estrat\u00e9gicos.<\/p>\n<p>&nbsp;<\/p>\n<p>La \u00faltima incorporaci\u00f3n se hizo en enero de este a\u00f1o: <a href=\"https:\/\/cdnoticias.com\/index.php\/2022\/01\/24\/ya-se-instalaron-13-camaras-de-seguridad-en-sierra-chica\/\" target=\"_blank\" rel=\"noopener\">13 c\u00e1maras se ubicaron en la localidad de Sierra Chica<\/a> y all\u00ed adem\u00e1s se instal\u00f3 un Centro de Monitoreo.<\/p>\n<p>&nbsp;<\/p>\n<p><a href=\"https:\/\/cdnoticias.com\/index.php\/2021\/11\/11\/sierra-chica-tendra-su-servicio-de-monitoreo-municipal-de-camaras-de-seguridad\/\" target=\"_blank\" rel=\"noopener\">Tal como hab\u00eda adelantado en noviembre del a\u00f1o pasado<\/a> el titular del \u00e1rea de Monitoreo, Daniel Manuel, a Central de Noticias, el proyecto del Ejecutivo Municipal es llegar a todas las localidades con el servicio, medida en la que se ya se avanza de forma concreta con la licitaci\u00f3n lanzada d\u00edas pasados.<\/p>\n<p>&nbsp;<\/p>\n","protected":false},"excerpt":{"rendered":"<p>Se licita la compra e instalaci\u00f3n en Hinojo, Colonia Hinojo, Sierras Bayas y Loma Negra. El subsecretario de Seguridad indic\u00f3<\/p>\n","protected":false},"author":4,"featured_media":38316,"comment_status":"closed","ping_status":"closed","sticky":false,"template":"","format":"standard","meta":{"_jetpack_memberships_contains_paid_content":false,"footnotes":""},"categories":[5,1],"tags":[],"class_list":["post-61747","post","type-post","status-publish","format-standard","has-post-thumbnail","hentry","category-informacion-general","category-portada"],"jetpack_featured_media_url":"https:\/\/i0.wp.com\/cdnoticias.com\/wp-content\/uploads\/2021\/11\/Monitoreo.jpg?fit=800%2C445&ssl=1","jetpack_sharing_enabled":true,"_links":{"self":[{"href":"https:\/\/cdnoticias.com\/index.php\/wp-json\/wp\/v2\/posts\/61747","targetHints":{"allow":["GET"]}}],"collection":[{"href":"https:\/\/cdnoticias.com\/index.php\/wp-json\/wp\/v2\/posts"}],"about":[{"href":"https:\/\/cdnoticias.com\/index.php\/wp-json\/wp\/v2\/types\/post"}],"author":[{"embeddable":true,"href":"https:\/\/cdnoticias.com\/index.php\/wp-json\/wp\/v2\/users\/4"}],"replies":[{"embeddable":true,"href":"https:\/\/cdnoticias.com\/index.php\/wp-json\/wp\/v2\/comments?post=61747"}],"version-history":[{"count":0,"href":"https:\/\/cdnoticias.com\/index.php\/wp-json\/wp\/v2\/posts\/61747\/revisions"}],"wp:featuredmedia":[{"embeddable":true,"href":"https:\/\/cdnoticias.com\/index.php\/wp-json\/wp\/v2\/media\/38316"}],"wp:attachment":[{"href":"https:\/\/cdnoticias.com\/index.php\/wp-json\/wp\/v2\/media?parent=61747"}],"wp:term":[{"taxonomy":"category","embeddable":true,"href":"https:\/\/cdnoticias.com\/index.php\/wp-json\/wp\/v2\/categories?post=61747"},{"taxonomy":"post_tag","embeddable":true,"href":"https:\/\/cdnoticias.com\/index.php\/wp-json\/wp\/v2\/tags?post=61747"}],"curies":[{"name":"wp","href":"https:\/\/api.w.org\/{rel}","templated":true}]}}