{"id":61711,"date":"2022-08-05T17:40:03","date_gmt":"2022-08-05T20:40:03","guid":{"rendered":"https:\/\/www.centraldenoticias.com.ar\/?p=61711"},"modified":"2022-08-05T17:40:03","modified_gmt":"2022-08-05T20:40:03","slug":"corte-de-luz-este-domingo-en-dos-sectores-de-la-ciudad","status":"publish","type":"post","link":"https:\/\/cdnoticias.com\/index.php\/2022\/08\/05\/corte-de-luz-este-domingo-en-dos-sectores-de-la-ciudad\/","title":{"rendered":"Corte de luz este domingo en dos sectores de la ciudad"},"content":{"rendered":"<p>Ser\u00e1 de 7:00 a 11:00 y se indic\u00f3 que es por tareas de mantenimiento. <!--more--><\/p>\n<hr \/>\n<p>&nbsp;<\/p>\n<p>Desde Coopelectric se inform\u00f3 que <strong>durante la ma\u00f1ana de este domingo 7<\/strong> se llevar\u00e1 a cabo un <strong>corte de luz por tareas de mantenimiento.\u00a0<\/strong><\/p>\n<p>&nbsp;<\/p>\n<p>Ser\u00e1 entre las <strong>07:00 y las 11:00<\/strong> en <strong>dos sectores de la ciudad:\u00a0<\/strong><\/p>\n<p>&nbsp;<\/p>\n<p><strong>Sector 1<\/strong>: Alsina- Sargento Cabral- Moreno- Necochea<\/p>\n<p>&nbsp;<\/p>\n<p><strong>Sector 2<\/strong>: Almirante Brown- Sargento Cabral- Alsina- Necochea<\/p>\n<p>&nbsp;<\/p>\n<p>Se indic\u00f3 que puede suspenderse sin las condiciones clim\u00e1ticas son adversas. En tal caso, las tareas ser\u00e1n reprogramadas.<\/p>\n<p>&nbsp;<\/p>\n","protected":false},"excerpt":{"rendered":"<p>Ser\u00e1 de 7:00 a 11:00 y se indic\u00f3 que es por tareas de mantenimiento.<\/p>\n","protected":false},"author":6,"featured_media":39704,"comment_status":"closed","ping_status":"closed","sticky":false,"template":"","format":"standard","meta":{"_jetpack_memberships_contains_paid_content":false,"footnotes":""},"categories":[5,1],"tags":[],"class_list":["post-61711","post","type-post","status-publish","format-standard","has-post-thumbnail","hentry","category-informacion-general","category-portada"],"jetpack_featured_media_url":"https:\/\/i0.wp.com\/cdnoticias.com\/wp-content\/uploads\/2021\/11\/coopelectric-0.jpg?fit=1000%2C556&ssl=1","jetpack_sharing_enabled":true,"_links":{"self":[{"href":"https:\/\/cdnoticias.com\/index.php\/wp-json\/wp\/v2\/posts\/61711","targetHints":{"allow":["GET"]}}],"collection":[{"href":"https:\/\/cdnoticias.com\/index.php\/wp-json\/wp\/v2\/posts"}],"about":[{"href":"https:\/\/cdnoticias.com\/index.php\/wp-json\/wp\/v2\/types\/post"}],"author":[{"embeddable":true,"href":"https:\/\/cdnoticias.com\/index.php\/wp-json\/wp\/v2\/users\/6"}],"replies":[{"embeddable":true,"href":"https:\/\/cdnoticias.com\/index.php\/wp-json\/wp\/v2\/comments?post=61711"}],"version-history":[{"count":0,"href":"https:\/\/cdnoticias.com\/index.php\/wp-json\/wp\/v2\/posts\/61711\/revisions"}],"wp:featuredmedia":[{"embeddable":true,"href":"https:\/\/cdnoticias.com\/index.php\/wp-json\/wp\/v2\/media\/39704"}],"wp:attachment":[{"href":"https:\/\/cdnoticias.com\/index.php\/wp-json\/wp\/v2\/media?parent=61711"}],"wp:term":[{"taxonomy":"category","embeddable":true,"href":"https:\/\/cdnoticias.com\/index.php\/wp-json\/wp\/v2\/categories?post=61711"},{"taxonomy":"post_tag","embeddable":true,"href":"https:\/\/cdnoticias.com\/index.php\/wp-json\/wp\/v2\/tags?post=61711"}],"curies":[{"name":"wp","href":"https:\/\/api.w.org\/{rel}","templated":true}]}}