{"id":61709,"date":"2022-08-06T10:38:46","date_gmt":"2022-08-06T13:38:46","guid":{"rendered":"https:\/\/www.centraldenoticias.com.ar\/?p=61709"},"modified":"2022-08-06T10:38:46","modified_gmt":"2022-08-06T13:38:46","slug":"el-radicalismo-agoto-las-entradas-para-su-gran-cena","status":"publish","type":"post","link":"https:\/\/cdnoticias.com\/index.php\/2022\/08\/06\/el-radicalismo-agoto-las-entradas-para-su-gran-cena\/","title":{"rendered":"El radicalismo agot\u00f3 las entradas para su gran cena"},"content":{"rendered":"<p>Desde la UCR, manifestaron su enorme satisfacci\u00f3n. Se espera un importante acto pol\u00edtico, teniendo en cuenta las destacadas presencias confirmadas y la gran concurrencia.<!--more--><\/p>\n<hr \/>\n<p>&nbsp;<\/p>\n<p>La<strong> Uni\u00f3n C\u00edvica Radical<\/strong> Olavarr\u00eda inform\u00f3 que desde hace varios d\u00edas <strong>se agotaron las entradas para la gran cena por la reconstrucci\u00f3n<\/strong> que tendr\u00e1 lugar el <strong>pr\u00f3ximo s\u00e1bado 13 de agosto.<\/strong><\/p>\n<p>&nbsp;<\/p>\n<p>El evento, que comenzar\u00e1 a partir de las<strong> 21:00 tendr\u00e1 lugar en el Club Pueblo Nuevo<\/strong> y contar\u00e1 con la presencia de importantes <strong>dirigentes a nivel nacional y provincial,<\/strong> como <strong>Gerardo Morales,<\/strong> Presidente de la UCR nacional, los diputados nacionales <strong>Mart\u00edn Tetaz y Danya Tavela<\/strong>, y los legisladores provinciales<strong> Pablo Domenichini y Alejandro Cellillo<\/strong>, entre otros.<\/p>\n<p>&nbsp;<\/p>\n<p>Desde el espacio, manifestaron que se est\u00e1 pensando en la <strong>realizaci\u00f3n de una segunda cena<\/strong> con el objetivo de seguir <strong>recaudando fondos para la recuperaci\u00f3n de la casa del radicalismo local<\/strong> y continuar fortaleciendo su construcci\u00f3n pol\u00edtica.<\/p>\n","protected":false},"excerpt":{"rendered":"<p>Desde la UCR, manifestaron su enorme satisfacci\u00f3n. Se espera un importante acto pol\u00edtico, teniendo en cuenta las destacadas presencias confirmadas<\/p>\n","protected":false},"author":6,"featured_media":58587,"comment_status":"closed","ping_status":"closed","sticky":false,"template":"","format":"standard","meta":{"_jetpack_memberships_contains_paid_content":false,"footnotes":""},"categories":[4,1],"tags":[],"class_list":["post-61709","post","type-post","status-publish","format-standard","has-post-thumbnail","hentry","category-politica","category-portada"],"jetpack_featured_media_url":"https:\/\/i0.wp.com\/cdnoticias.com\/wp-content\/uploads\/2022\/06\/UCR-local-casa-construccion-00.jpg?fit=800%2C445&ssl=1","jetpack_sharing_enabled":true,"_links":{"self":[{"href":"https:\/\/cdnoticias.com\/index.php\/wp-json\/wp\/v2\/posts\/61709","targetHints":{"allow":["GET"]}}],"collection":[{"href":"https:\/\/cdnoticias.com\/index.php\/wp-json\/wp\/v2\/posts"}],"about":[{"href":"https:\/\/cdnoticias.com\/index.php\/wp-json\/wp\/v2\/types\/post"}],"author":[{"embeddable":true,"href":"https:\/\/cdnoticias.com\/index.php\/wp-json\/wp\/v2\/users\/6"}],"replies":[{"embeddable":true,"href":"https:\/\/cdnoticias.com\/index.php\/wp-json\/wp\/v2\/comments?post=61709"}],"version-history":[{"count":0,"href":"https:\/\/cdnoticias.com\/index.php\/wp-json\/wp\/v2\/posts\/61709\/revisions"}],"wp:featuredmedia":[{"embeddable":true,"href":"https:\/\/cdnoticias.com\/index.php\/wp-json\/wp\/v2\/media\/58587"}],"wp:attachment":[{"href":"https:\/\/cdnoticias.com\/index.php\/wp-json\/wp\/v2\/media?parent=61709"}],"wp:term":[{"taxonomy":"category","embeddable":true,"href":"https:\/\/cdnoticias.com\/index.php\/wp-json\/wp\/v2\/categories?post=61709"},{"taxonomy":"post_tag","embeddable":true,"href":"https:\/\/cdnoticias.com\/index.php\/wp-json\/wp\/v2\/tags?post=61709"}],"curies":[{"name":"wp","href":"https:\/\/api.w.org\/{rel}","templated":true}]}}