{"id":61707,"date":"2022-08-05T17:07:45","date_gmt":"2022-08-05T20:07:45","guid":{"rendered":"https:\/\/www.centraldenoticias.com.ar\/?p=61707"},"modified":"2022-08-05T17:21:50","modified_gmt":"2022-08-05T20:21:50","slug":"el-municipio-esta-llevando-adelante-una-obra-que-deberia-hacer-la-provincia","status":"publish","type":"post","link":"https:\/\/cdnoticias.com\/index.php\/2022\/08\/05\/el-municipio-esta-llevando-adelante-una-obra-que-deberia-hacer-la-provincia\/","title":{"rendered":"\u201cEl Municipio est\u00e1 llevando adelante una obra que deber\u00eda hacer la Provincia\u201d"},"content":{"rendered":"<p>El presidente del Consejo Escolar de Olavarr\u00eda sali\u00f3 al cruce por las acusaciones sobre el estado de situaci\u00f3n del inmueble donde el Municipio est\u00e1 construyendo el nuevo edificio del Jard\u00edn N\u00ba 929. <!--more--><\/p>\n<hr \/>\n<p>Luego de una acusaci\u00f3n en torno a<strong> las dudas que exist\u00edan sobre la propiedad del terreno donde se encuentra en construcci\u00f3n la nueva sede del Jard\u00edn 929, el presidente del Consejo Escolar, Bruno Di Carlo, sali\u00f3 al cruce y explic\u00f3 que donar\u00e1n las tierras con la obra ya finalizada.<\/strong><\/p>\n<p>&nbsp;<\/p>\n<p>En este sentido, <strong>Di Carlo explic\u00f3 que el inmueble se encuentra en posesi\u00f3n del Municipio desde hace m\u00e1s de 20 a\u00f1os, ya se inici\u00f3 el tr\u00e1mite de prescripci\u00f3n administrativa<\/strong> y, una vez cumplido, se le donar\u00e1 a la provincia de Buenos Aires con la obra ya finalizada.<\/p>\n<p>&nbsp;<\/p>\n<p>Asimismo, Bruno Di Carlo asegur\u00f3 que <em>\u201ccon el inicio del tr\u00e1mite de prescripci\u00f3n administrativa el Municipio ya puede comenzar con la construcci\u00f3n y eso es lo que se hizo\u201d.<\/em><\/p>\n<p>&nbsp;<\/p>\n<blockquote><p>\u201cPara que quede claro: el Municipio toma a su cargo la regularizaci\u00f3n dominial, el terreno donde se construye, la construcci\u00f3n del nuevo edificio y, finalmente, la donaci\u00f3n a favor de la Provincia de un nuevo Jard\u00edn en el Partido de Olavarr\u00eda\u201d, indic\u00f3 Di Carlo.<\/p><\/blockquote>\n<p>&nbsp;<\/p>\n<p>Por otra parte, el titular del Consejo escolar dijo:<em> \u201ccon la decisi\u00f3n del intendente Ezequiel Galli de construir un nuevo edificio, el gobierno provincial dejar\u00e1 de pagar 680 mil pesos mensuales en concepto del alquiler\u201d<\/em> y acus\u00f3 que dicho alquiler<em> \u201chasta el momento no fue abonado por la Direcci\u00f3n General de Cultura y Educaci\u00f3n\u201d.<\/em><\/p>\n<p>&nbsp;<\/p>\n<blockquote><p><em>\u201cCon esta construcci\u00f3n del edificio se le brinda a la comunidad educativa una tranquilidad que nunca tuvieron, pensando continuamente en mudanzas y otros problemas legales como sucedieron el a\u00f1o pasado con dos juicios: uno por desalojo y otro por falta de pag<\/em>o\u201d, agreg\u00f3.<\/p><\/blockquote>\n<p>&nbsp;<\/p>\n<p>Bruno Di Carlo acus\u00f3 que<strong><em> \u201clos consejeros escolares del Frente de Todos carecen de seriedad al abordar esta problem\u00e1tica porque dicen levantar la bandera de la educaci\u00f3n p\u00fablica cuando en realidad ponen trabas a una soluci\u00f3n hist\u00f3rica para el Partido de Olavarr\u00eda\u201d.<\/em><\/strong><\/p>\n<p>&nbsp;<\/p>\n<p><em>\u201cEl Municipio est\u00e1 llevando adelante una obra que deber\u00eda hacer la Provincia. Parece que lo que m\u00e1s les molesta es que un Gobierno supuestamente de \u201cderecha\u201d siga invirtiendo y destinando recursos a la educaci\u00f3n p\u00fablica\u201d<\/em>, finaliz\u00f3.<\/p>\n","protected":false},"excerpt":{"rendered":"<p>El presidente del Consejo Escolar de Olavarr\u00eda sali\u00f3 al cruce por las acusaciones sobre el estado de situaci\u00f3n del inmueble<\/p>\n","protected":false},"author":2,"featured_media":61196,"comment_status":"closed","ping_status":"closed","sticky":false,"template":"","format":"standard","meta":{"_jetpack_memberships_contains_paid_content":false,"footnotes":""},"categories":[5,1],"tags":[],"class_list":["post-61707","post","type-post","status-publish","format-standard","has-post-thumbnail","hentry","category-informacion-general","category-portada"],"jetpack_featured_media_url":"https:\/\/i0.wp.com\/cdnoticias.com\/wp-content\/uploads\/2022\/07\/Obras-Inicio-Construccion-Jardin-N%C2%B0929-00.jpg?fit=800%2C445&ssl=1","jetpack_sharing_enabled":true,"_links":{"self":[{"href":"https:\/\/cdnoticias.com\/index.php\/wp-json\/wp\/v2\/posts\/61707","targetHints":{"allow":["GET"]}}],"collection":[{"href":"https:\/\/cdnoticias.com\/index.php\/wp-json\/wp\/v2\/posts"}],"about":[{"href":"https:\/\/cdnoticias.com\/index.php\/wp-json\/wp\/v2\/types\/post"}],"author":[{"embeddable":true,"href":"https:\/\/cdnoticias.com\/index.php\/wp-json\/wp\/v2\/users\/2"}],"replies":[{"embeddable":true,"href":"https:\/\/cdnoticias.com\/index.php\/wp-json\/wp\/v2\/comments?post=61707"}],"version-history":[{"count":0,"href":"https:\/\/cdnoticias.com\/index.php\/wp-json\/wp\/v2\/posts\/61707\/revisions"}],"wp:featuredmedia":[{"embeddable":true,"href":"https:\/\/cdnoticias.com\/index.php\/wp-json\/wp\/v2\/media\/61196"}],"wp:attachment":[{"href":"https:\/\/cdnoticias.com\/index.php\/wp-json\/wp\/v2\/media?parent=61707"}],"wp:term":[{"taxonomy":"category","embeddable":true,"href":"https:\/\/cdnoticias.com\/index.php\/wp-json\/wp\/v2\/categories?post=61707"},{"taxonomy":"post_tag","embeddable":true,"href":"https:\/\/cdnoticias.com\/index.php\/wp-json\/wp\/v2\/tags?post=61707"}],"curies":[{"name":"wp","href":"https:\/\/api.w.org\/{rel}","templated":true}]}}