{"id":61675,"date":"2022-08-05T19:53:16","date_gmt":"2022-08-05T22:53:16","guid":{"rendered":"https:\/\/www.centraldenoticias.com.ar\/?p=61675"},"modified":"2022-08-05T20:36:54","modified_gmt":"2022-08-05T23:36:54","slug":"caputo-insistio-en-la-importancia-de-completar-los-esquemas-de-vacunacion-covid","status":"publish","type":"post","link":"https:\/\/cdnoticias.com\/index.php\/2022\/08\/05\/caputo-insistio-en-la-importancia-de-completar-los-esquemas-de-vacunacion-covid\/","title":{"rendered":"Caputo insisti\u00f3 en la importancia de completar los esquemas de vacunaci\u00f3n Covid"},"content":{"rendered":"<p>Asegur\u00f3 que \u201cha bajado considerablemente\u201d la aplicaci\u00f3n de terceras dosis y refuerzos. Adem\u00e1s, inform\u00f3 que comenz\u00f3 la vacunaci\u00f3n para ni\u00f1os de 6 meses a dos a\u00f1os en vacunatorios municipales.<!--more--><\/p>\n<hr \/>\n<p>El secretario de Salud del Gobierno Municipal, Germ\u00e1n Caputo resalt\u00f3 la importancia de la vacunaci\u00f3n contra el Covid-19 ante la evidencia de <strong>esquemas incompletos en el Partido de Olavarr\u00eda.<\/strong><\/p>\n<p>&nbsp;<\/p>\n<p>Caputo asegur\u00f3 que \u201cen los n\u00fameros proporcionados por el Ministerio de Salud de la Naci\u00f3n vemos que<strong> ha bajado considerablemente el n\u00famero de terceras dosis como as\u00ed tambi\u00e9n las de refuerzo<\/strong>\u201d.<\/p>\n<p>&nbsp;<\/p>\n<p>Asimismo, el titular de la cartera sanitaria solicit\u00f3 a la poblaci\u00f3n \u201cestar<strong> atentos al llamado<\/strong> para la dosis de refuerzo y en caso que no le haya llegado la notificaci\u00f3n solicitamos se acerquen a los centros de vacunaci\u00f3n\u201d.<\/p>\n<p>&nbsp;<\/p>\n<p>Por otra parte, explic\u00f3 que <strong>\u201cya comenzamos con la vacunaci\u00f3n contra el Covid-19 en ni\u00f1os de 6 meses a dos a\u00f1os en los vacunatorios municipales que se encuentran en el Hospital \u201cH\u00e9ctor Cura\u201d y en el Banco de Leche\u201d.<\/strong><\/p>\n<p>&nbsp;<\/p>\n<p>Finalmente, el funcionario municipal dijo que \u201ces muy importante completar los esquemas de vacunaci\u00f3n tanto en adultos como en ni\u00f1os\u201d y asegur\u00f3 que \u201cpr\u00f3ximamente saldr\u00e1n vacunas de \u00faltima generaci\u00f3n con mejor log\u00edstica que har\u00e1n que l<strong>a vacuna contra el Covid-19 forme parte del calendario anual<\/strong>\u201d.<\/p>\n","protected":false},"excerpt":{"rendered":"<p>Asegur\u00f3 que \u201cha bajado considerablemente\u201d la aplicaci\u00f3n de terceras dosis y refuerzos. Adem\u00e1s, inform\u00f3 que comenz\u00f3 la vacunaci\u00f3n para ni\u00f1os<\/p>\n","protected":false},"author":5,"featured_media":32091,"comment_status":"closed","ping_status":"closed","sticky":false,"template":"","format":"standard","meta":{"_jetpack_memberships_contains_paid_content":false,"footnotes":""},"categories":[5,1],"tags":[],"class_list":["post-61675","post","type-post","status-publish","format-standard","has-post-thumbnail","hentry","category-informacion-general","category-portada"],"jetpack_featured_media_url":"https:\/\/i0.wp.com\/cdnoticias.com\/wp-content\/uploads\/2021\/09\/caputo.jpg?fit=1968%2C1312&ssl=1","jetpack_sharing_enabled":true,"_links":{"self":[{"href":"https:\/\/cdnoticias.com\/index.php\/wp-json\/wp\/v2\/posts\/61675","targetHints":{"allow":["GET"]}}],"collection":[{"href":"https:\/\/cdnoticias.com\/index.php\/wp-json\/wp\/v2\/posts"}],"about":[{"href":"https:\/\/cdnoticias.com\/index.php\/wp-json\/wp\/v2\/types\/post"}],"author":[{"embeddable":true,"href":"https:\/\/cdnoticias.com\/index.php\/wp-json\/wp\/v2\/users\/5"}],"replies":[{"embeddable":true,"href":"https:\/\/cdnoticias.com\/index.php\/wp-json\/wp\/v2\/comments?post=61675"}],"version-history":[{"count":0,"href":"https:\/\/cdnoticias.com\/index.php\/wp-json\/wp\/v2\/posts\/61675\/revisions"}],"wp:featuredmedia":[{"embeddable":true,"href":"https:\/\/cdnoticias.com\/index.php\/wp-json\/wp\/v2\/media\/32091"}],"wp:attachment":[{"href":"https:\/\/cdnoticias.com\/index.php\/wp-json\/wp\/v2\/media?parent=61675"}],"wp:term":[{"taxonomy":"category","embeddable":true,"href":"https:\/\/cdnoticias.com\/index.php\/wp-json\/wp\/v2\/categories?post=61675"},{"taxonomy":"post_tag","embeddable":true,"href":"https:\/\/cdnoticias.com\/index.php\/wp-json\/wp\/v2\/tags?post=61675"}],"curies":[{"name":"wp","href":"https:\/\/api.w.org\/{rel}","templated":true}]}}