{"id":61661,"date":"2022-08-05T07:47:05","date_gmt":"2022-08-05T10:47:05","guid":{"rendered":"https:\/\/www.centraldenoticias.com.ar\/?p=61661"},"modified":"2022-08-05T07:47:05","modified_gmt":"2022-08-05T10:47:05","slug":"silvia-magdalena-alba-de-cepeda-silvita-q-e-p-d","status":"publish","type":"post","link":"https:\/\/cdnoticias.com\/index.php\/2022\/08\/05\/silvia-magdalena-alba-de-cepeda-silvita-q-e-p-d\/","title":{"rendered":"Silvia Magdalena Alba de Cepeda \u201cSilvita\u201d (Q.E.P.D.)"},"content":{"rendered":"<p><span style=\"font-family: Liberation Serif, serif;\"><span style=\"font-size: medium;\">Falleci\u00f3 en Olavarr\u00eda el 4 de agosto de 2022 a los 57 a\u00f1os de edad. Su esposo Jorge Cepeda. Sus hijas Roc\u00edo y Julieta. Sus hijos en el afecto Ramiro y Jorgelina Cepeda. Su nieto en el afecto Axel. Su madre Zulema Ledesma. Sus hermanos. Sus hermanos pol\u00edticos. Sus sobrinos. Sus t\u00edos. Sus primos. Sus amigos y dem\u00e1s deudos participan su fallecimiento.<\/span><\/span><\/p>\n<p>&nbsp;<\/p>\n<p><span style=\"font-family: Liberation Serif, serif;\"><span style=\"font-size: medium;\">Sus restos son velados en Espa\u00f1a 2942 departamento &#8220;D&#8221; y ser\u00e1n inhumados en el cementerio Loma de paz, este viernes a las 10:30, previo responso en la capilla ardiente. Vecina de Barrio Provincias Unidas. Nacida en Mercedes, San Luis. Empleada Municipal del Centro de D\u00eda N\u00b0 2.<\/span><\/span><\/p>\n","protected":false},"excerpt":{"rendered":"<p>Falleci\u00f3 en Olavarr\u00eda el 4 de agosto de 2022 a los 57 a\u00f1os de edad. Su esposo Jorge Cepeda. Sus<\/p>\n","protected":false},"author":5,"featured_media":51544,"comment_status":"closed","ping_status":"closed","sticky":false,"template":"","format":"standard","meta":{"_jetpack_memberships_contains_paid_content":false,"footnotes":""},"categories":[10],"tags":[],"class_list":["post-61661","post","type-post","status-publish","format-standard","has-post-thumbnail","hentry","category-necrologicas"],"jetpack_featured_media_url":"https:\/\/i0.wp.com\/cdnoticias.com\/wp-content\/uploads\/2022\/04\/necrologicas-390-x-240.jpg?fit=390%2C240&ssl=1","jetpack_sharing_enabled":true,"_links":{"self":[{"href":"https:\/\/cdnoticias.com\/index.php\/wp-json\/wp\/v2\/posts\/61661","targetHints":{"allow":["GET"]}}],"collection":[{"href":"https:\/\/cdnoticias.com\/index.php\/wp-json\/wp\/v2\/posts"}],"about":[{"href":"https:\/\/cdnoticias.com\/index.php\/wp-json\/wp\/v2\/types\/post"}],"author":[{"embeddable":true,"href":"https:\/\/cdnoticias.com\/index.php\/wp-json\/wp\/v2\/users\/5"}],"replies":[{"embeddable":true,"href":"https:\/\/cdnoticias.com\/index.php\/wp-json\/wp\/v2\/comments?post=61661"}],"version-history":[{"count":0,"href":"https:\/\/cdnoticias.com\/index.php\/wp-json\/wp\/v2\/posts\/61661\/revisions"}],"wp:featuredmedia":[{"embeddable":true,"href":"https:\/\/cdnoticias.com\/index.php\/wp-json\/wp\/v2\/media\/51544"}],"wp:attachment":[{"href":"https:\/\/cdnoticias.com\/index.php\/wp-json\/wp\/v2\/media?parent=61661"}],"wp:term":[{"taxonomy":"category","embeddable":true,"href":"https:\/\/cdnoticias.com\/index.php\/wp-json\/wp\/v2\/categories?post=61661"},{"taxonomy":"post_tag","embeddable":true,"href":"https:\/\/cdnoticias.com\/index.php\/wp-json\/wp\/v2\/tags?post=61661"}],"curies":[{"name":"wp","href":"https:\/\/api.w.org\/{rel}","templated":true}]}}