{"id":61651,"date":"2022-08-05T09:56:23","date_gmt":"2022-08-05T12:56:23","guid":{"rendered":"https:\/\/www.centraldenoticias.com.ar\/?p=61651"},"modified":"2022-08-05T09:56:23","modified_gmt":"2022-08-05T12:56:23","slug":"conoce-las-charlas-y-talleres-confirmados-para-la-expo-unicen-olavarria","status":"publish","type":"post","link":"https:\/\/cdnoticias.com\/index.php\/2022\/08\/05\/conoce-las-charlas-y-talleres-confirmados-para-la-expo-unicen-olavarria\/","title":{"rendered":"Conoc\u00e9 las charlas y talleres confirmados para la Expo UNICEN Olavarr\u00eda"},"content":{"rendered":"<p>Ser\u00e1 el pr\u00f3ximo 12 de agosto en el Centro Cultural San Jos\u00e9. El cronograma completo. <!--more--><\/p>\n<hr \/>\n<p>&nbsp;<\/p>\n<p>El pr\u00f3ximo <strong>viernes 12 de agosto<\/strong> se llevar\u00e1 adelante por<strong> primera vez la Expo UNICEN 2022 en Olavarr\u00eda,<\/strong> que tendr\u00e1 <strong>sede en el Centro Cultural San Jos\u00e9 de 09:00 a 17:00.<\/strong> Se ofrecer\u00e1n<strong> propuestas de diversas carreras<\/strong> que se dictan en las facultades de la Universidad Nacional del Centro de la Provincia de Buenos Aires.<\/p>\n<p>&nbsp;<\/p>\n<p>La Secretar\u00eda de Relaciones Institucionales de la UNICEN confirm\u00f3 el <strong>cronograma de charlas y talleres<\/strong> destinados a la promoci\u00f3n de carreras, acceso a becas, bienestar y vida universitaria, que se concretar\u00e1n en Expo UNICEN en el marco de una propuesta coordinada junto a las unidades acad\u00e9micas de UNICEN Olavarr\u00eda <strong>(Facultad de Ciencias Sociales, Facultad de Ciencias de la Salud y Facultad de Ingenier\u00eda).<\/strong><\/p>\n<p>&nbsp;<\/p>\n<p>Se trata de una oportunidad para que estudiantes que transitan sus \u00faltimos a\u00f1os de secundaria <strong>conozcan las propuestas de formaci\u00f3n universitaria de acceso libre y gratuito<\/strong> que tienen en las sedes de Olavarr\u00eda, Azul, Tandil y Quequ\u00e9n (Necochea).<\/p>\n<p>&nbsp;<\/p>\n<p>&#8220;En este marco, desde la UNICEN agradecen la cooperaci\u00f3n de entidades y organismos que colaboran con el evento, entre ellas la Municipalidad de Olavarr\u00eda, su Subsecretar\u00eda de Cultura y Educaci\u00f3n, Centro Cultural Municipal San Jos\u00e9, Inspecci\u00f3n de Educaci\u00f3n Distrital Olavarr\u00eda, Inspecci\u00f3n de Educaci\u00f3n Privada, de Escuelas T\u00e9cnicas y de Formaci\u00f3n Profesional y de Educaci\u00f3n Secundaria de Olavarr\u00eda&#8221; se indic\u00f3.<\/p>\n<p>&nbsp;<\/p>\n<p>La Expo UNICEN contar\u00e1 con stands informativos, juegos y din\u00e1micas que les permitir\u00e1n un acercamiento m\u00e1s did\u00e1ctico a las propuestas formativas de las distintas unidades; as\u00ed como charlas y talleres vinculadas a las distintas carreras.<\/p>\n<p>&nbsp;<\/p>\n<p><strong>Cronograma completo\u00a0<\/strong><\/p>\n<p>&nbsp;<\/p>\n<p><strong>Turno ma\u00f1ana<\/strong><\/p>\n<p>&nbsp;<\/p>\n<p>-9:30 a 10:00. Bienvenidas\/os a la Vida Universitaria, \u00a1UNICEN te espera! Sala 1<\/p>\n<p>&nbsp;<\/p>\n<p>-9:30 a 10:00. Bienestar. UNICEN. Sala 2<\/p>\n<p>&nbsp;<\/p>\n<p>-10:10 a 10:40. Presentaci\u00f3n de oferta acad\u00e9mica. Facultad de Ingenier\u00eda. Sala 1<\/p>\n<p>&nbsp;<\/p>\n<p>-10:10 a 10:40. Presentaci\u00f3n de oferta acad\u00e9mica. Facultad de Derecho. Sala 2<\/p>\n<p>&nbsp;<\/p>\n<p>-10:30. Taller al aire libre \u201cUn ritmo diferente\u201d organizada por el Centro Cultural Universitario en articulaci\u00f3n con el CePEAC N\u00ba1 Olavarr\u00eda.<\/p>\n<p>&nbsp;<\/p>\n<p>-10:50 a 11:20. Antropolog\u00eda Social y mundos contempor\u00e1neos. Urgencias, desaf\u00edos y potencialidades. Facultad de Sociales. Sala 1<\/p>\n<p>&nbsp;<\/p>\n<p>-10:50 a 11:20. Presentaci\u00f3n de oferta acad\u00e9mica. Facultad de Veterinaria. Sala 2<\/p>\n<p>&nbsp;<\/p>\n<p>-11:30 a 12:00. Del Secundario a la Universidad, como es ser estudiante en Econ\u00f3micas. Facultad de Econ\u00f3micas. Sala 1<\/p>\n<p>&nbsp;<\/p>\n<p>-11:30 a 12:00. Taller Vida Universitaria y Derecho a la Educaci\u00f3n Superior. Facultad de Humanas. Sala 2<\/p>\n<p>&nbsp;<\/p>\n<p>-12:10. Taller de RCP. Facultad de Salud. Sala 1<\/p>\n<p>&nbsp;<\/p>\n<p>-12:10. Arte: juegos y expresi\u00f3n corporal. Facultad de Arte. Sala 2<\/p>\n<p>&nbsp;<\/p>\n<p><strong>Turno tarde<\/strong><\/p>\n<p>&nbsp;<\/p>\n<p>-13:30 a 14:00. Bienvenidas\/os a la Vida Universitaria, \u00a1UNICEN te espera! Sala 1<\/p>\n<p>&nbsp;<\/p>\n<p>-13:30 a 14:00. Bienestar. UNICEN. Sala 2<\/p>\n<p>&nbsp;<\/p>\n<p>-14:10 a 14:40. Oferta acad\u00e9mica, los Profesorados en FACSO. Facultad de Sociales. Sala 1<\/p>\n<p>&nbsp;<\/p>\n<p>-14:10 a 14:40. Experiencias y producciones FIO. Facultad de Ingenier\u00eda. Sala 2<\/p>\n<p>&nbsp;<\/p>\n<p>-14:30. Taller al aire libre \u201cUn ritmo diferente\u201d organizada por el Centro Cultural Universitario en articulaci\u00f3n con el CePEAC N\u00ba1 Olavarr\u00eda<\/p>\n<p>&nbsp;<\/p>\n<p>-14:50 a 15:20. Hablemos de Comunicaci\u00f3n Social. Facultad de Sociales. Sala 1<\/p>\n<p>&nbsp;<\/p>\n<p>-14:50 a 15:20. Proyecci\u00f3n de producciones. Facultad de Arte. Sala 2<\/p>\n<p>&nbsp;<\/p>\n<p>-15:30 a 16:00. Charla sobre Nutrici\u00f3n. Facultad Cs. De la Salud. Sala 1<\/p>\n","protected":false},"excerpt":{"rendered":"<p>Ser\u00e1 el pr\u00f3ximo 12 de agosto en el Centro Cultural San Jos\u00e9. El cronograma completo.<\/p>\n","protected":false},"author":6,"featured_media":60153,"comment_status":"closed","ping_status":"closed","sticky":false,"template":"","format":"standard","meta":{"_jetpack_memberships_contains_paid_content":false,"footnotes":""},"categories":[5,1],"tags":[],"class_list":["post-61651","post","type-post","status-publish","format-standard","has-post-thumbnail","hentry","category-informacion-general","category-portada"],"jetpack_featured_media_url":"https:\/\/i0.wp.com\/cdnoticias.com\/wp-content\/uploads\/2022\/07\/Expo-UNICEN-2022-4.jpg?fit=1500%2C1000&ssl=1","jetpack_sharing_enabled":true,"_links":{"self":[{"href":"https:\/\/cdnoticias.com\/index.php\/wp-json\/wp\/v2\/posts\/61651","targetHints":{"allow":["GET"]}}],"collection":[{"href":"https:\/\/cdnoticias.com\/index.php\/wp-json\/wp\/v2\/posts"}],"about":[{"href":"https:\/\/cdnoticias.com\/index.php\/wp-json\/wp\/v2\/types\/post"}],"author":[{"embeddable":true,"href":"https:\/\/cdnoticias.com\/index.php\/wp-json\/wp\/v2\/users\/6"}],"replies":[{"embeddable":true,"href":"https:\/\/cdnoticias.com\/index.php\/wp-json\/wp\/v2\/comments?post=61651"}],"version-history":[{"count":0,"href":"https:\/\/cdnoticias.com\/index.php\/wp-json\/wp\/v2\/posts\/61651\/revisions"}],"wp:featuredmedia":[{"embeddable":true,"href":"https:\/\/cdnoticias.com\/index.php\/wp-json\/wp\/v2\/media\/60153"}],"wp:attachment":[{"href":"https:\/\/cdnoticias.com\/index.php\/wp-json\/wp\/v2\/media?parent=61651"}],"wp:term":[{"taxonomy":"category","embeddable":true,"href":"https:\/\/cdnoticias.com\/index.php\/wp-json\/wp\/v2\/categories?post=61651"},{"taxonomy":"post_tag","embeddable":true,"href":"https:\/\/cdnoticias.com\/index.php\/wp-json\/wp\/v2\/tags?post=61651"}],"curies":[{"name":"wp","href":"https:\/\/api.w.org\/{rel}","templated":true}]}}