{"id":61631,"date":"2022-08-07T17:49:22","date_gmt":"2022-08-07T20:49:22","guid":{"rendered":"https:\/\/www.centraldenoticias.com.ar\/?p=61631"},"modified":"2022-08-07T17:49:22","modified_gmt":"2022-08-07T20:49:22","slug":"se-realizara-el-curso-competencias-educativas-para-la-insercion-en-la-vida-laboral-docente","status":"publish","type":"post","link":"https:\/\/cdnoticias.com\/index.php\/2022\/08\/07\/se-realizara-el-curso-competencias-educativas-para-la-insercion-en-la-vida-laboral-docente\/","title":{"rendered":"Se realizar\u00e1 el curso \u201cCompetencias educativas para la inserci\u00f3n en la vida laboral docente\u201d"},"content":{"rendered":"<p>Ser\u00e1 en las instalaciones del Centro de Estudios Universitarios de Coopelectric a partir del pr\u00f3ximo 11 de agosto. <!--more--><\/p>\n<hr \/>\n<p>En las instalaciones del <strong>Centro de Estudios Universitarios de Coopelectric<\/strong>, el<strong> jueves 11 de agosto comenzar\u00e1 a dictarse el curso<em> \u201cCompetencias educativas para la inserci\u00f3n en la vida laboral docente\u201d.<\/em><\/strong><\/p>\n<p>&nbsp;<\/p>\n<p>Tendr\u00e1 una<strong> duraci\u00f3n de cuatro meses<\/strong> con <strong>cursadas de car\u00e1cter presencial los d\u00edas jueves de 18:00 a 20:30<\/strong> las cuales estar\u00e1n a cargo de la docente Silvia Rocha y el equipo de Espacio Capacitaci\u00f3n Olavarr\u00eda (ECO).<\/p>\n<p>&nbsp;<\/p>\n<p>La propuesta est\u00e1 <strong>destinada a los docentes de nivel inicial o primaria que se encuentren dando sus primeros pasos en el sistema educativo<\/strong> y a los estudiantes avanzados de carreras docentes o afines. \u201cQuisimos generar un curso que funcione como puente entre lo que uno percibe cuando se est\u00e1 por recibir o est\u00e1 reci\u00e9n recibido y la inserci\u00f3n en la vida laboral\u201d explic\u00f3 Silvia Rocha.<\/p>\n<p>&nbsp;<\/p>\n<p>Adem\u00e1s, <strong>podr\u00e1n inscribirse los docentes que ya cuentan con varios a\u00f1os de experiencia,<\/strong> dado que \u201cla idea tambi\u00e9n consiste en replantearnos la pr\u00e1ctica y m\u00e1s en este momento en donde hemos pasado dos a\u00f1os en los que tuvimos que reinventarnos como docentes; aggiornarnos y tratar de ofrecerles a nuestros estudiantes lo que necesitan para seguir transitando este mundo tan complejo en el que nos toca vivir\u201d a\u00f1adi\u00f3 Rocha.<\/p>\n<p>&nbsp;<\/p>\n<p>A trav\u00e9s de diferentes m\u00f3dulos, se abordar\u00e1n tem\u00e1ticas vinculadas al liderazgo docente, trayectorias vulneradas, organizaci\u00f3n y planificaci\u00f3n en el aula, educaci\u00f3n emocional y valores, primeros auxilios frente a emergencias, educaci\u00f3n sexual integral, la ense\u00f1anza en cada nivel educativo y su articulaci\u00f3n interniveles, evaluaci\u00f3n de los aprendizajes, entre otros.<\/p>\n<p>&nbsp;<\/p>\n<p>Los interesados podr\u00e1n acercarse de <strong>lunes a viernes de 8:00 a 13:00 y de 17:00 a 20:00<\/strong> al Centro de Estudios Universitarios de Coopelectric ubicado en <strong>Belgrano 2824<\/strong>, o realizar consultas al tel\u00e9fono 489861, WhatsApp 2284-201038.<\/p>\n","protected":false},"excerpt":{"rendered":"<p>Ser\u00e1 en las instalaciones del Centro de Estudios Universitarios de Coopelectric a partir del pr\u00f3ximo 11 de agosto.<\/p>\n","protected":false},"author":6,"featured_media":39704,"comment_status":"closed","ping_status":"closed","sticky":false,"template":"","format":"standard","meta":{"_jetpack_memberships_contains_paid_content":false,"footnotes":""},"categories":[5,1],"tags":[],"class_list":["post-61631","post","type-post","status-publish","format-standard","has-post-thumbnail","hentry","category-informacion-general","category-portada"],"jetpack_featured_media_url":"https:\/\/i0.wp.com\/cdnoticias.com\/wp-content\/uploads\/2021\/11\/coopelectric-0.jpg?fit=1000%2C556&ssl=1","jetpack_sharing_enabled":true,"_links":{"self":[{"href":"https:\/\/cdnoticias.com\/index.php\/wp-json\/wp\/v2\/posts\/61631","targetHints":{"allow":["GET"]}}],"collection":[{"href":"https:\/\/cdnoticias.com\/index.php\/wp-json\/wp\/v2\/posts"}],"about":[{"href":"https:\/\/cdnoticias.com\/index.php\/wp-json\/wp\/v2\/types\/post"}],"author":[{"embeddable":true,"href":"https:\/\/cdnoticias.com\/index.php\/wp-json\/wp\/v2\/users\/6"}],"replies":[{"embeddable":true,"href":"https:\/\/cdnoticias.com\/index.php\/wp-json\/wp\/v2\/comments?post=61631"}],"version-history":[{"count":0,"href":"https:\/\/cdnoticias.com\/index.php\/wp-json\/wp\/v2\/posts\/61631\/revisions"}],"wp:featuredmedia":[{"embeddable":true,"href":"https:\/\/cdnoticias.com\/index.php\/wp-json\/wp\/v2\/media\/39704"}],"wp:attachment":[{"href":"https:\/\/cdnoticias.com\/index.php\/wp-json\/wp\/v2\/media?parent=61631"}],"wp:term":[{"taxonomy":"category","embeddable":true,"href":"https:\/\/cdnoticias.com\/index.php\/wp-json\/wp\/v2\/categories?post=61631"},{"taxonomy":"post_tag","embeddable":true,"href":"https:\/\/cdnoticias.com\/index.php\/wp-json\/wp\/v2\/tags?post=61631"}],"curies":[{"name":"wp","href":"https:\/\/api.w.org\/{rel}","templated":true}]}}