{"id":61622,"date":"2022-08-04T16:30:34","date_gmt":"2022-08-04T19:30:34","guid":{"rendered":"https:\/\/www.centraldenoticias.com.ar\/?p=61622"},"modified":"2022-08-04T18:30:21","modified_gmt":"2022-08-04T21:30:21","slug":"el-ejecutivo-inicio-el-estudio-para-modificar-la-ordenanza-de-ruidos-molestos","status":"publish","type":"post","link":"https:\/\/cdnoticias.com\/index.php\/2022\/08\/04\/el-ejecutivo-inicio-el-estudio-para-modificar-la-ordenanza-de-ruidos-molestos\/","title":{"rendered":"El Ejecutivo inici\u00f3 el estudio para modificar la ordenanza de ruidos molestos"},"content":{"rendered":"<p>Desde la segunda mitad de julio, distintos organismos municipales llevan adelante una mesa de estudio. Se consideran cambios en la legislaci\u00f3n para la zona urbana y para la zona de quintas.<!--more--><\/p>\n<hr \/>\n<p><a href=\"https:\/\/cdnoticias.com\/index.php\/2022\/08\/04\/ruidos-molestos-piden-la-creacion-de-un-registro-de-personas-con-vulnerabilidad-auditiva\/\" target=\"_blank\" rel=\"noopener\">En el marco de la presentaci\u00f3n que un grupo de vecinos efectu\u00f3 este jueves en el Concejo Deliberante<\/a> para avanzar sobre la legislaci\u00f3n local de <strong>ruidos molestos<\/strong>, <strong>Central de Noticias<\/strong> pudo saber que <strong>el Ejecutivo impulsa desde la segunda mitad de julio una mesa de estudio del tema<\/strong>.<\/p>\n<p>&nbsp;<\/p>\n<p><strong>Distintos organismos municipales han iniciado reuniones sobre el tema<\/strong> con miras a modificar la ordenanza 3.978\/16 y tambi\u00e9n generar nueva legislaci\u00f3n sobre el tema.<\/p>\n<p>&nbsp;<\/p>\n<p>En ese sentido, <strong>se plante\u00f3 que se consideran cambios distintos en la normativa para la zona urbana y para la zona de quintas<\/strong>.<\/p>\n<p>&nbsp;<\/p>\n<p>Funcionarios de la <em>Secretar\u00eda de Gobierno, la Subsecretar\u00eda de Seguridad, el Juzgado de Faltas, las direcciones de Habilitaci\u00f3n y de Defensa Civil<\/em>, entre otros, integran esta mesa donde ya se han planteado distintos aspectos.<\/p>\n<p>&nbsp;<\/p>\n<p>Seg\u00fan se dej\u00f3 saber <strong>se tomaron en consideraci\u00f3n los l\u00edmites de la actual ordenanza, la legislaci\u00f3n provincial y las actuaciones que se han hecho hasta el momento<\/strong>. En ese marco, se analizaron las reglas de <strong>habilitaci\u00f3n a comercios como boliches y bares<\/strong>, y se proyectan medidas en ese sentido para que los propietarios de los locales mejoren la acustizaci\u00f3n y favorecer con ello las relaciones vecinales.<\/p>\n<p>&nbsp;<\/p>\n<p>En cuanto a las <strong>quintas,<\/strong> donde tambi\u00e9n se presentan problemas por ruidos molestos, especialmente con el volumen de la m\u00fasica, <strong>se considera la posibilidad de elaborar una ordenanza a fin de establecer responsabilidades y sanciones<\/strong> ante este tipo de situaciones.<\/p>\n","protected":false},"excerpt":{"rendered":"<p>Desde la segunda mitad de julio, distintos organismos municipales llevan adelante una mesa de estudio. Se consideran cambios en la<\/p>\n","protected":false},"author":4,"featured_media":50372,"comment_status":"closed","ping_status":"closed","sticky":false,"template":"","format":"standard","meta":{"_jetpack_memberships_contains_paid_content":false,"footnotes":""},"categories":[5,1],"tags":[],"class_list":["post-61622","post","type-post","status-publish","format-standard","has-post-thumbnail","hentry","category-informacion-general","category-portada"],"jetpack_featured_media_url":"https:\/\/i0.wp.com\/cdnoticias.com\/wp-content\/uploads\/2022\/03\/Palacio-Municipal-San-Martin-drone-Olavarria-Municipalidad.jpg?fit=800%2C445&ssl=1","jetpack_sharing_enabled":true,"_links":{"self":[{"href":"https:\/\/cdnoticias.com\/index.php\/wp-json\/wp\/v2\/posts\/61622","targetHints":{"allow":["GET"]}}],"collection":[{"href":"https:\/\/cdnoticias.com\/index.php\/wp-json\/wp\/v2\/posts"}],"about":[{"href":"https:\/\/cdnoticias.com\/index.php\/wp-json\/wp\/v2\/types\/post"}],"author":[{"embeddable":true,"href":"https:\/\/cdnoticias.com\/index.php\/wp-json\/wp\/v2\/users\/4"}],"replies":[{"embeddable":true,"href":"https:\/\/cdnoticias.com\/index.php\/wp-json\/wp\/v2\/comments?post=61622"}],"version-history":[{"count":0,"href":"https:\/\/cdnoticias.com\/index.php\/wp-json\/wp\/v2\/posts\/61622\/revisions"}],"wp:featuredmedia":[{"embeddable":true,"href":"https:\/\/cdnoticias.com\/index.php\/wp-json\/wp\/v2\/media\/50372"}],"wp:attachment":[{"href":"https:\/\/cdnoticias.com\/index.php\/wp-json\/wp\/v2\/media?parent=61622"}],"wp:term":[{"taxonomy":"category","embeddable":true,"href":"https:\/\/cdnoticias.com\/index.php\/wp-json\/wp\/v2\/categories?post=61622"},{"taxonomy":"post_tag","embeddable":true,"href":"https:\/\/cdnoticias.com\/index.php\/wp-json\/wp\/v2\/tags?post=61622"}],"curies":[{"name":"wp","href":"https:\/\/api.w.org\/{rel}","templated":true}]}}