{"id":616,"date":"2020-09-02T19:04:09","date_gmt":"2020-09-02T22:04:09","guid":{"rendered":"http:\/\/www.centraldenoticias.com.ar\/?p=616"},"modified":"2020-09-02T20:25:55","modified_gmt":"2020-09-02T23:25:55","slug":"este-miercoles-se-registraron-17-nuevos-casos-de-coronavirus-en-olavarria","status":"publish","type":"post","link":"https:\/\/cdnoticias.com\/index.php\/2020\/09\/02\/este-miercoles-se-registraron-17-nuevos-casos-de-coronavirus-en-olavarria\/","title":{"rendered":"Este mi\u00e9rcoles se registraron 17 nuevos casos de coronavirus en Olavarr\u00eda"},"content":{"rendered":"<p>As\u00ed lo informaron desde la secretar\u00eda de Salud del Gobierno Municipal. Asimismo, 3 pacientes recibieron el alta y se descartaron 27 casos sospechosos.<!--more--><\/p>\n<p>________________________________________<\/p>\n<p>&nbsp;<\/p>\n<p>La Secretar\u00eda de Salud del Gobierno Municipal inform\u00f3 que durante la jornada de este mi\u00e9rcoles se registraron<strong> 17 nuevos casos de Covid-19 en el Partido de Olavarr\u00eda.<\/strong><\/p>\n<p>&nbsp;<\/p>\n<p>Adem\u00e1s se indic\u00f3 que 3 pacientes recibieron el alta m\u00e9dica y se descartaron otros 27 casos sospechosos. De tal manera, <strong>el total de pacientes activos es de 121.<\/strong><\/p>\n<p>&nbsp;<\/p>\n<p>Por otra parte, se\u00f1alaron que <strong><em>\u201clos casos positivos corresponden a personal del Servicio Penitenciario y a nexos con casos positivos que se registraron en los \u00faltimos d\u00edas en nuestra ciudad\u201d<\/em><\/strong>. Recordemos que el martes fue uno de los d\u00edas con m\u00e1s casos: hubo 30 positivos, <a href=\"https:\/\/cdnoticias.com\/index.php\/2020\/09\/02\/coronavirus-en-la-unidad-38-el-spb-confirmo-los-casos-y-explico-las-medidas-tomadas\/\" target=\"_blank\" rel=\"noopener\">3 de ellos internos de la Unidad N\u00ba 38.<\/a><\/p>\n<p>&nbsp;<\/p>\n<p><img data-recalc-dims=\"1\" loading=\"lazy\" decoding=\"async\" class=\"alignnone size-large wp-image-620\" src=\"https:\/\/i0.wp.com\/cdnoticias.com\/wp-content\/uploads\/2020\/09\/WhatsApp-Image-2020-09-02-at-18.52.31.jpeg?resize=800%2C800&#038;ssl=1\" alt=\"\" width=\"800\" height=\"800\" srcset=\"https:\/\/i0.wp.com\/cdnoticias.com\/wp-content\/uploads\/2020\/09\/WhatsApp-Image-2020-09-02-at-18.52.31.jpeg?resize=1024%2C1024&amp;ssl=1 1024w, https:\/\/i0.wp.com\/cdnoticias.com\/wp-content\/uploads\/2020\/09\/WhatsApp-Image-2020-09-02-at-18.52.31.jpeg?resize=150%2C150&amp;ssl=1 150w, https:\/\/i0.wp.com\/cdnoticias.com\/wp-content\/uploads\/2020\/09\/WhatsApp-Image-2020-09-02-at-18.52.31.jpeg?resize=300%2C300&amp;ssl=1 300w, https:\/\/i0.wp.com\/cdnoticias.com\/wp-content\/uploads\/2020\/09\/WhatsApp-Image-2020-09-02-at-18.52.31.jpeg?resize=768%2C767&amp;ssl=1 768w, https:\/\/i0.wp.com\/cdnoticias.com\/wp-content\/uploads\/2020\/09\/WhatsApp-Image-2020-09-02-at-18.52.31.jpeg?w=1280&amp;ssl=1 1280w\" sizes=\"auto, (max-width: 800px) 100vw, 800px\" \/><\/p>\n<p>&nbsp;<\/p>\n<p>Sobre el estado actual de funcionamiento del Hospital, se indic\u00f3 que<strong> hay 4 pacientes (2 de la ciudad de Laprida y 2 de Olavarr\u00eda) en la Unidad de Terapia Intensiva (UTI), 10 en Cuidados Generales y 8 en aislamiento preventivo que son residentes del Hogar de Adultos Mayores.<\/strong><\/p>\n<p>&nbsp;<\/p>\n<p>En este sentido, desde la Secretar\u00eda de Salud Municipal aseguraron que <strong>el 77% de los casos positivos corresponden a personas con menos de 60 a\u00f1os y el 23% a mayores de 60 a\u00f1os.<\/strong><\/p>\n","protected":false},"excerpt":{"rendered":"<p>As\u00ed lo informaron desde la secretar\u00eda de Salud del Gobierno Municipal. Asimismo, 3 pacientes recibieron el alta y se descartaron<\/p>\n","protected":false},"author":5,"featured_media":618,"comment_status":"closed","ping_status":"closed","sticky":false,"template":"","format":"standard","meta":{"_jetpack_memberships_contains_paid_content":false,"footnotes":""},"categories":[5,1],"tags":[],"class_list":["post-616","post","type-post","status-publish","format-standard","has-post-thumbnail","hentry","category-informacion-general","category-portada"],"jetpack_featured_media_url":"https:\/\/i0.wp.com\/cdnoticias.com\/wp-content\/uploads\/2020\/09\/HospitalMunicipal1.jpg?fit=4608%2C3072&ssl=1","jetpack_sharing_enabled":true,"_links":{"self":[{"href":"https:\/\/cdnoticias.com\/index.php\/wp-json\/wp\/v2\/posts\/616","targetHints":{"allow":["GET"]}}],"collection":[{"href":"https:\/\/cdnoticias.com\/index.php\/wp-json\/wp\/v2\/posts"}],"about":[{"href":"https:\/\/cdnoticias.com\/index.php\/wp-json\/wp\/v2\/types\/post"}],"author":[{"embeddable":true,"href":"https:\/\/cdnoticias.com\/index.php\/wp-json\/wp\/v2\/users\/5"}],"replies":[{"embeddable":true,"href":"https:\/\/cdnoticias.com\/index.php\/wp-json\/wp\/v2\/comments?post=616"}],"version-history":[{"count":0,"href":"https:\/\/cdnoticias.com\/index.php\/wp-json\/wp\/v2\/posts\/616\/revisions"}],"wp:featuredmedia":[{"embeddable":true,"href":"https:\/\/cdnoticias.com\/index.php\/wp-json\/wp\/v2\/media\/618"}],"wp:attachment":[{"href":"https:\/\/cdnoticias.com\/index.php\/wp-json\/wp\/v2\/media?parent=616"}],"wp:term":[{"taxonomy":"category","embeddable":true,"href":"https:\/\/cdnoticias.com\/index.php\/wp-json\/wp\/v2\/categories?post=616"},{"taxonomy":"post_tag","embeddable":true,"href":"https:\/\/cdnoticias.com\/index.php\/wp-json\/wp\/v2\/tags?post=616"}],"curies":[{"name":"wp","href":"https:\/\/api.w.org\/{rel}","templated":true}]}}