{"id":61584,"date":"2022-08-04T08:41:23","date_gmt":"2022-08-04T11:41:23","guid":{"rendered":"https:\/\/www.centraldenoticias.com.ar\/?p=61584"},"modified":"2022-08-04T11:47:19","modified_gmt":"2022-08-04T14:47:19","slug":"hcd-avances-para-el-proyecto-de-debates-publicos-de-candidatos-en-las-elecciones","status":"publish","type":"post","link":"https:\/\/cdnoticias.com\/index.php\/2022\/08\/04\/hcd-avances-para-el-proyecto-de-debates-publicos-de-candidatos-en-las-elecciones\/","title":{"rendered":"HCD: avances para el proyecto de debates p\u00fablicos de candidatos en las elecciones"},"content":{"rendered":"<p>Es la iniciativa que impulsa la Facultad de Ingenier\u00eda. La comisi\u00f3n de Educaci\u00f3n lo trat\u00f3 el mi\u00e9rcoles y trabaj\u00f3 sobre el reglamento.<!--more--><\/p>\n<hr \/>\n<p><strong>Este mi\u00e9rcoles se reuni\u00f3 la comisi\u00f3n de Educaci\u00f3n del Concejo Deliberante<\/strong>, presidida por la concejala Maite Salerno (Juntos).<\/p>\n<p>&nbsp;<\/p>\n<p>Al momento de realizar el an\u00e1lisis de expedientes<strong> se resolvi\u00f3 remitir a la comisi\u00f3n de Legislaci\u00f3n<\/strong> el proyecto presentado por la Facultad de Ingenier\u00eda (FIO) para <strong>dejar establecido los <a href=\"https:\/\/cdnoticias.com\/index.php\/2022\/04\/21\/debates-publicos-concejales-recibieron-a-representantes-de-la-fio\/\" target=\"_blank\" rel=\"noopener\">debates p\u00fablicos en las elecciones de Olavarr\u00eda<\/a><\/strong>.<\/p>\n<p>&nbsp;<\/p>\n<blockquote><p>La comisi\u00f3n de Educaci\u00f3n reorden\u00f3 y anex\u00f3 el reglamento al articulado del proyecto.<\/p><\/blockquote>\n<p>&nbsp;<\/p>\n<p>Se espera que, en las pr\u00f3ximas semanas, la comisi\u00f3n de Legislaci\u00f3n lo ponga en tratamiento para <strong>su posterior pase a sesi\u00f3n<\/strong>.<\/p>\n","protected":false},"excerpt":{"rendered":"<p>Es la iniciativa que impulsa la Facultad de Ingenier\u00eda. La comisi\u00f3n de Educaci\u00f3n lo trat\u00f3 el mi\u00e9rcoles y trabaj\u00f3 sobre<\/p>\n","protected":false},"author":4,"featured_media":49262,"comment_status":"closed","ping_status":"closed","sticky":false,"template":"","format":"standard","meta":{"_jetpack_memberships_contains_paid_content":false,"footnotes":""},"categories":[4,1],"tags":[],"class_list":["post-61584","post","type-post","status-publish","format-standard","has-post-thumbnail","hentry","category-politica","category-portada"],"jetpack_featured_media_url":"https:\/\/i0.wp.com\/cdnoticias.com\/wp-content\/uploads\/2022\/03\/HCD-comision-educacion.jpg?fit=800%2C445&ssl=1","jetpack_sharing_enabled":true,"_links":{"self":[{"href":"https:\/\/cdnoticias.com\/index.php\/wp-json\/wp\/v2\/posts\/61584","targetHints":{"allow":["GET"]}}],"collection":[{"href":"https:\/\/cdnoticias.com\/index.php\/wp-json\/wp\/v2\/posts"}],"about":[{"href":"https:\/\/cdnoticias.com\/index.php\/wp-json\/wp\/v2\/types\/post"}],"author":[{"embeddable":true,"href":"https:\/\/cdnoticias.com\/index.php\/wp-json\/wp\/v2\/users\/4"}],"replies":[{"embeddable":true,"href":"https:\/\/cdnoticias.com\/index.php\/wp-json\/wp\/v2\/comments?post=61584"}],"version-history":[{"count":0,"href":"https:\/\/cdnoticias.com\/index.php\/wp-json\/wp\/v2\/posts\/61584\/revisions"}],"wp:featuredmedia":[{"embeddable":true,"href":"https:\/\/cdnoticias.com\/index.php\/wp-json\/wp\/v2\/media\/49262"}],"wp:attachment":[{"href":"https:\/\/cdnoticias.com\/index.php\/wp-json\/wp\/v2\/media?parent=61584"}],"wp:term":[{"taxonomy":"category","embeddable":true,"href":"https:\/\/cdnoticias.com\/index.php\/wp-json\/wp\/v2\/categories?post=61584"},{"taxonomy":"post_tag","embeddable":true,"href":"https:\/\/cdnoticias.com\/index.php\/wp-json\/wp\/v2\/tags?post=61584"}],"curies":[{"name":"wp","href":"https:\/\/api.w.org\/{rel}","templated":true}]}}