{"id":61565,"date":"2022-08-03T18:43:43","date_gmt":"2022-08-03T21:43:43","guid":{"rendered":"https:\/\/www.centraldenoticias.com.ar\/?p=61565"},"modified":"2022-08-04T08:43:08","modified_gmt":"2022-08-04T11:43:08","slug":"en-un-acto-express-massa-asumio-oficialmente-como-ministro-de-economia","status":"publish","type":"post","link":"https:\/\/cdnoticias.com\/index.php\/2022\/08\/03\/en-un-acto-express-massa-asumio-oficialmente-como-ministro-de-economia\/","title":{"rendered":"En un acto express, Massa asumi\u00f3 oficialmente como Ministro de Econom\u00eda"},"content":{"rendered":"<p>El presidente Fern\u00e1ndez le tom\u00f3 juramento ante m\u00e1s de 500 invitados en el Museo del Bicentenario de Casa Rosada. <!--more--><\/p>\n<hr \/>\n<p>El presidente <strong>Alberto Fern\u00e1ndez le tom\u00f3 juramento, este mi\u00e9rcoles por la tarde, a Sergio Massa en un acto express que se realiz\u00f3 en el Museo del Bicentenario de la Casa Rosada<\/strong>, durante el cual hizo un llamado a la unidad del Frente de Todos.<\/p>\n<p>&nbsp;<\/p>\n<blockquote><p>Fern\u00e1ndez, en menos de cinco minutos, hizo referencia al complejo escenario internacional en el que le toca asumir a Massa.<\/p><\/blockquote>\n<p>&nbsp;<\/p>\n<p><em>\u201cEstamos viviendo un tiempo muy singular de la humanidad, en un tiempo muy complejo y dif\u00edcil, tratando de superar una pandemia; un mundo que hay entrado en una guerra cuyos efectos repercuten directamente en el hemisferio sur y en la Argentina tambi\u00e9n\u201d<\/em>, dijo Fern\u00e1ndez.<\/p>\n<p>&nbsp;<\/p>\n<p>El presidente afirm\u00f3 que<em> \u201ces un tiempo para que todos con mucha esperanza humanos esfuerzos para salir adelante, y cuando digo todos no le hablo solamente a mis compa\u00f1eros del Frente de todos, cuya unidad para m\u00ed es primordial y por la que voy a seguir trabajando, sino tambi\u00e9n a todos los argentinos\u201d<\/em>, dijo el presidente.<\/p>\n<p>&nbsp;<\/p>\n<blockquote><p><em>\u201cVeo a muchos empresarios, a compa\u00f1eros sindicalistas, veo gente de la pol\u00edtica, a todos les digo que tenemos una gran oportunidad, no la dejemos pasar por alto\u201d<\/em>, agreg\u00f3 Fern\u00e1ndez.<\/p><\/blockquote>\n<p>&nbsp;<\/p>\n<p><strong><em>\u201cEstamos empezando una etapa del gobierno que estoy convencido, lo conozco a Sergio hace muchos a\u00f1os, que vamos a transitar exitosamente, con todos y con todos inclu\u00eddos, a eso los convoco y para eso lo convoqu\u00e9 a Sergio, cuya capacidad y coraje me constan\u201d<\/em><\/strong>, enfatiz\u00f3 el Presidente, quien le tom\u00f3 juramento instantes despu\u00e9s.<\/p>\n<p>&nbsp;<\/p>\n<p>Luego <strong>el presidente se tom\u00f3 un minuto m\u00e1s para agradecer a Silvina Batakis y Daniel Scioli<\/strong> por haber sido funcionarios durante poco m\u00e1s de 20 d\u00edas, en la previa de la llegada de Massa.<\/p>\n<p>&nbsp;<\/p>\n<p>Luego hubo saludos, selfies y expectativas por los anuncios que realizar\u00e1 el ahora flamante Ministro de Econom\u00eda antes de las 20:00 horas.<\/p>\n","protected":false},"excerpt":{"rendered":"<p>El presidente Fern\u00e1ndez le tom\u00f3 juramento ante m\u00e1s de 500 invitados en el Museo del Bicentenario de Casa Rosada.<\/p>\n","protected":false},"author":2,"featured_media":61566,"comment_status":"closed","ping_status":"closed","sticky":false,"template":"","format":"standard","meta":{"_jetpack_memberships_contains_paid_content":false,"footnotes":""},"categories":[6,1],"tags":[],"class_list":["post-61565","post","type-post","status-publish","format-standard","has-post-thumbnail","hentry","category-nacionales","category-portada"],"jetpack_featured_media_url":"https:\/\/i0.wp.com\/cdnoticias.com\/wp-content\/uploads\/2022\/08\/massa-alberto.jpg?fit=898%2C594&ssl=1","jetpack_sharing_enabled":true,"_links":{"self":[{"href":"https:\/\/cdnoticias.com\/index.php\/wp-json\/wp\/v2\/posts\/61565","targetHints":{"allow":["GET"]}}],"collection":[{"href":"https:\/\/cdnoticias.com\/index.php\/wp-json\/wp\/v2\/posts"}],"about":[{"href":"https:\/\/cdnoticias.com\/index.php\/wp-json\/wp\/v2\/types\/post"}],"author":[{"embeddable":true,"href":"https:\/\/cdnoticias.com\/index.php\/wp-json\/wp\/v2\/users\/2"}],"replies":[{"embeddable":true,"href":"https:\/\/cdnoticias.com\/index.php\/wp-json\/wp\/v2\/comments?post=61565"}],"version-history":[{"count":0,"href":"https:\/\/cdnoticias.com\/index.php\/wp-json\/wp\/v2\/posts\/61565\/revisions"}],"wp:featuredmedia":[{"embeddable":true,"href":"https:\/\/cdnoticias.com\/index.php\/wp-json\/wp\/v2\/media\/61566"}],"wp:attachment":[{"href":"https:\/\/cdnoticias.com\/index.php\/wp-json\/wp\/v2\/media?parent=61565"}],"wp:term":[{"taxonomy":"category","embeddable":true,"href":"https:\/\/cdnoticias.com\/index.php\/wp-json\/wp\/v2\/categories?post=61565"},{"taxonomy":"post_tag","embeddable":true,"href":"https:\/\/cdnoticias.com\/index.php\/wp-json\/wp\/v2\/tags?post=61565"}],"curies":[{"name":"wp","href":"https:\/\/api.w.org\/{rel}","templated":true}]}}