{"id":61552,"date":"2022-08-03T13:22:07","date_gmt":"2022-08-03T16:22:07","guid":{"rendered":"https:\/\/www.centraldenoticias.com.ar\/?p=61552"},"modified":"2022-08-03T13:29:00","modified_gmt":"2022-08-03T16:29:00","slug":"la-sola-designacion-de-massa-como-ministro-ha-generado-una-expectativa-que-es-positiva","status":"publish","type":"post","link":"https:\/\/cdnoticias.com\/index.php\/2022\/08\/03\/la-sola-designacion-de-massa-como-ministro-ha-generado-una-expectativa-que-es-positiva\/","title":{"rendered":"\u201cLa sola designaci\u00f3n de Massa como ministro ha generado una expectativa que es positiva\u201d"},"content":{"rendered":"<p>Lo dijo Eduardo Rodr\u00edguez, referente del Frente Renovador local. Adelant\u00f3 que este mi\u00e9rcoles estar\u00e1 en el acto de asunci\u00f3n del nuevo ministro de Econom\u00eda.<!--more--><\/p>\n<hr \/>\n<p><strong>El dirigente del massismo de Olavarr\u00eda, Eduardo Rodr\u00edguez, estuvo este martes en el Congreso<\/strong> durante la sesi\u00f3n en la que renunci\u00f3 Sergio Massa a la presidencia de la C\u00e1mara y a su banca legislativa, y <a href=\"https:\/\/cdnoticias.com\/index.php\/2022\/08\/03\/cecilia-moreau-asumio-como-la-primera-presidenta-mujer-de-la-camara-de-diputados\/\" target=\"_blank\" rel=\"noopener\">asumi\u00f3 Cecilia Moreau como presidenta de la C\u00e1mara de Diputados<\/a>. En ese marco, Rodr\u00edguez difundi\u00f3 por sus redes sociales su saludo a la nueva titular de Diputados.<\/p>\n<p>&nbsp;<\/p>\n<p>Adem\u00e1s, adelant\u00f3 que <strong>estar\u00e1 este mi\u00e9rcoles por la tarde en el acto de asunci\u00f3n de Sergio Massa como ministro de Econom\u00eda, Desarrollo y Agricultura.<\/strong><\/p>\n<p>&nbsp;<\/p>\n<blockquote class=\"twitter-tweet\">\n<p dir=\"ltr\" lang=\"es\">Felicitaciones <a href=\"https:\/\/twitter.com\/ceciliamoreauok?ref_src=twsrc%5Etfw\">@ceciliamoreauok<\/a>! Primera presidenta mujer de la C\u00e1mara de Diputados de la Naci\u00f3n! \u00c9xitos en esta nueva etapa. Hoy acompa\u00f1ando este hecho hist\u00f3rico! <a href=\"https:\/\/t.co\/d6TZ7k5EGV\">pic.twitter.com\/d6TZ7k5EGV<\/a><\/p>\n<p>\u2014 Eduardo Rodr\u00edguez (@rodriguezolav) <a href=\"https:\/\/twitter.com\/rodriguezolav\/status\/1554570352440877056?ref_src=twsrc%5Etfw\">August 2, 2022<\/a><\/p><\/blockquote>\n<p><script async src=\"https:\/\/platform.twitter.com\/widgets.js\" charset=\"utf-8\"><\/script><\/p>\n<p>Rodr\u00edguez brind\u00f3 una entrevista a <strong>Levantate por Radio Sapiens (FM 102.7)<\/strong> donde habl\u00f3 sobre <strong>el nuevo rol de Massa y su impacto en la gesti\u00f3n as\u00ed como en la econom\u00eda<\/strong>.<\/p>\n<p>&nbsp;<\/p>\n<p>\u201cNosotros tuvimos la reuni\u00f3n de la<a href=\"https:\/\/cdnoticias.com\/index.php\/2022\/07\/16\/eduardo-rodriguez-con-sergio-massa-en-la-mesa-provincial-del-frente-renovador\/\" target=\"_blank\" rel=\"noopener\"> Mesa Provincial del Frente Renovador<\/a> donde un poco ya se hab\u00eda anticipado la posibilidad de esta situaci\u00f3n\u201d dijo sobre la asunci\u00f3n en la cartera de Econom\u00eda y afirm\u00f3 que <strong>\u201ces un desaf\u00edo enorme para Sergio como ministro. Creo que es un desaf\u00edo constante para toda la coalici\u00f3n de gobierno\u201d<\/strong>. En ese marco, defini\u00f3 que \u201cbuena parte de los problemas de la econom\u00eda son originados tambi\u00e9n en problemas pol\u00edticos\u201d.<\/p>\n<p>&nbsp;<\/p>\n<blockquote><p>\u201cLa sola designaci\u00f3n de Massa como ministro ha generado una expectativa que es positiva\u201d subray\u00f3 para se\u00f1alar que Massa asume \u201cun compromiso sin especulaciones\u201d.<\/p><\/blockquote>\n<p>&nbsp;<\/p>\n<blockquote class=\"wp-embedded-content\" data-secret=\"jwVgJm3jAo\"><p><a href=\"https:\/\/cdnoticias.com\/index.php\/2022\/07\/28\/sergio-massa-tiene-capacidad-de-interpretar-distintas-areas-del-estado\/\">\u201cSergio Massa tiene capacidad de interpretar distintas \u00e1reas del Estado\u201d<\/a><\/p><\/blockquote>\n<p><iframe loading=\"lazy\" class=\"wp-embedded-content\" sandbox=\"allow-scripts\" security=\"restricted\" style=\"position: absolute; clip: rect(1px, 1px, 1px, 1px);\" title=\"&#8220;\u201cSergio Massa tiene capacidad de interpretar distintas \u00e1reas del Estado\u201d&#8221; &#8212; Central de Noticias | Olavarr\u00eda\" src=\"https:\/\/cdnoticias.com\/index.php\/2022\/07\/28\/sergio-massa-tiene-capacidad-de-interpretar-distintas-areas-del-estado\/embed\/#?secret=szagVgPqAS#?secret=jwVgJm3jAo\" data-secret=\"jwVgJm3jAo\" width=\"600\" height=\"338\" frameborder=\"0\" marginwidth=\"0\" marginheight=\"0\" scrolling=\"no\"><\/iframe><\/p>\n<p>&nbsp;<\/p>\n<p>\u201cHoy el vecino est\u00e1 esperando que al gobierno y a Sergio le vaya bien, para que le vaya bien a la Argentina. <strong>Hoy se ha generado la expectativa y es la posibilidad de poder enfrentar los problemas del pa\u00eds,<\/strong> la inflaci\u00f3n, los salarios que no alcanzan, los problemas derivados del impacto de la guerra Rusia \u2013 Ucrania; esos son los problemas en lo que hoy el vecino est\u00e1 esperando ver un cambio en la gesti\u00f3n de gobierno\u201d afirm\u00f3 el referente del Frente Renovador local.<\/p>\n<p>&nbsp;<\/p>\n<blockquote><p>Luego fue consultado sobre el rol del massismo en el Frente de Todos en Olavarr\u00eda. Eduardo Rodr\u00edguez indic\u00f3 que desde 2019 \u201chemos trabajado con \u00b4unidad en la diversidad\u00b4, como nos gusta decir, con todos los espacios que conforman el FdT en Olavarr\u00eda\u201d.<\/p><\/blockquote>\n<p>&nbsp;<\/p>\n<p>Plante\u00f3 como horizonte para la coalici\u00f3n que<strong> \u201cen Olavarr\u00eda tambi\u00e9n quiere tener una gesti\u00f3n municipal que pueda potenciar las fortalezas de Olavarr\u00eda como Partido\u201d<\/strong>. Ampli\u00f3 que \u201cdesde el municipio se puede hacer mucho m\u00e1s por Olavarr\u00eda y la alternativa del FdT es generar justamente una propuesta que en alg\u00fan momento Olavarr\u00eda pueda tener un gobierno municipal que exprese ese perfil que entendemos que tiene que tener Olavarr\u00eda\u201d.<\/p>\n","protected":false},"excerpt":{"rendered":"<p>Lo dijo Eduardo Rodr\u00edguez, referente del Frente Renovador local. Adelant\u00f3 que este mi\u00e9rcoles estar\u00e1 en el acto de asunci\u00f3n del<\/p>\n","protected":false},"author":4,"featured_media":42916,"comment_status":"closed","ping_status":"closed","sticky":false,"template":"","format":"standard","meta":{"_jetpack_memberships_contains_paid_content":false,"footnotes":""},"categories":[4,1],"tags":[],"class_list":["post-61552","post","type-post","status-publish","format-standard","has-post-thumbnail","hentry","category-politica","category-portada"],"jetpack_featured_media_url":"https:\/\/i0.wp.com\/cdnoticias.com\/wp-content\/uploads\/2021\/12\/Reunion-Massa.jpeg?fit=1280%2C853&ssl=1","jetpack_sharing_enabled":true,"_links":{"self":[{"href":"https:\/\/cdnoticias.com\/index.php\/wp-json\/wp\/v2\/posts\/61552","targetHints":{"allow":["GET"]}}],"collection":[{"href":"https:\/\/cdnoticias.com\/index.php\/wp-json\/wp\/v2\/posts"}],"about":[{"href":"https:\/\/cdnoticias.com\/index.php\/wp-json\/wp\/v2\/types\/post"}],"author":[{"embeddable":true,"href":"https:\/\/cdnoticias.com\/index.php\/wp-json\/wp\/v2\/users\/4"}],"replies":[{"embeddable":true,"href":"https:\/\/cdnoticias.com\/index.php\/wp-json\/wp\/v2\/comments?post=61552"}],"version-history":[{"count":0,"href":"https:\/\/cdnoticias.com\/index.php\/wp-json\/wp\/v2\/posts\/61552\/revisions"}],"wp:featuredmedia":[{"embeddable":true,"href":"https:\/\/cdnoticias.com\/index.php\/wp-json\/wp\/v2\/media\/42916"}],"wp:attachment":[{"href":"https:\/\/cdnoticias.com\/index.php\/wp-json\/wp\/v2\/media?parent=61552"}],"wp:term":[{"taxonomy":"category","embeddable":true,"href":"https:\/\/cdnoticias.com\/index.php\/wp-json\/wp\/v2\/categories?post=61552"},{"taxonomy":"post_tag","embeddable":true,"href":"https:\/\/cdnoticias.com\/index.php\/wp-json\/wp\/v2\/tags?post=61552"}],"curies":[{"name":"wp","href":"https:\/\/api.w.org\/{rel}","templated":true}]}}