{"id":61539,"date":"2022-08-03T11:21:01","date_gmt":"2022-08-03T14:21:01","guid":{"rendered":"https:\/\/www.centraldenoticias.com.ar\/?p=61539"},"modified":"2022-08-03T11:21:01","modified_gmt":"2022-08-03T14:21:01","slug":"cecilia-moreau-asumio-como-la-primera-presidenta-mujer-de-la-camara-de-diputados","status":"publish","type":"post","link":"https:\/\/cdnoticias.com\/index.php\/2022\/08\/03\/cecilia-moreau-asumio-como-la-primera-presidenta-mujer-de-la-camara-de-diputados\/","title":{"rendered":"Cecilia Moreau asumi\u00f3 como la primera presidenta mujer de la C\u00e1mara de Diputados"},"content":{"rendered":"<p>Tras la renuncia de Sergio Massa, la diputada del Frente de Todos fue electa por los legisladores para presidir la C\u00e1mara baja, convirti\u00e9ndose en la primera mujer en ocupar ese cargo en la historia.<!--more--><\/p>\n<hr \/>\n<p>En una sesi\u00f3n especial, la C\u00e1mara de Diputados acept\u00f3 la renuncia del titular del cuerpo, Sergio Massa, quien estar\u00e1 al frente del Ministerio de Econom\u00eda de la Naci\u00f3n. En su lugar, <strong>asumi\u00f3 la diputada Cecilia Moreau, que ser\u00e1 la primera mujer en ocupar ese cargo en la historia nacional.<\/strong><\/p>\n<p>&nbsp;<\/p>\n<p><strong>Moreau fue propuesta por el titular del bloque del Frente de Todos, Germ\u00e1n Mart\u00ednez.<\/strong> \u201cNuestro bloque viene a proponer para la presidencia de este cuerpo, con mucho orgullo y tambi\u00e9n con mucha convicci\u00f3n, a nuestra compa\u00f1era Cecilia Moreau\u201d, dijo Mart\u00ednez.<\/p>\n<p>&nbsp;<\/p>\n<div class=\"jetpack-video-wrapper\"><iframe loading=\"lazy\" title=\"Cecilia Moreau asumi\u00f3 como la primera presidenta mujer de la C\u00e1mara de Diputados\" width=\"800\" height=\"450\" src=\"https:\/\/www.youtube.com\/embed\/7IaTxzqpKg4?feature=oembed\" frameborder=\"0\" allow=\"accelerometer; autoplay; clipboard-write; encrypted-media; gyroscope; picture-in-picture\" allowfullscreen><\/iframe><\/div>\n<p>&nbsp;<\/p>\n<p>Luego de una votaci\u00f3n favorable, la diputada asumi\u00f3 como presidenta de la C\u00e1mara de Diputados. En su discurso de asunci\u00f3n, Moreau agradeci\u00f3 \u201cel honor que significa haber sido designada como presidenta\u201d y adelant\u00f3 que asume<strong> \u201cel compromiso de cumplir con esta responsabilidad en representaci\u00f3n de nuestro espacio pol\u00edtico, pero tambi\u00e9n de expresar a la m\u00e1xima instituci\u00f3n de la representaci\u00f3n popular y democr\u00e1tica en todos sus matices y diversidades\u201d.<\/strong><\/p>\n<p>&nbsp;<\/p>\n<p>\u201cVa ser mi voluntad administrar los disensos y buscar los consensos que muchas veces la sociedad espera de nosotros\u201d, agreg\u00f3.<\/p>\n<p>&nbsp;<\/p>\n","protected":false},"excerpt":{"rendered":"<p>Tras la renuncia de Sergio Massa, la diputada del Frente de Todos fue electa por los legisladores para presidir la<\/p>\n","protected":false},"author":5,"featured_media":61541,"comment_status":"closed","ping_status":"closed","sticky":false,"template":"","format":"standard","meta":{"_jetpack_memberships_contains_paid_content":false,"footnotes":""},"categories":[6,1],"tags":[],"class_list":["post-61539","post","type-post","status-publish","format-standard","has-post-thumbnail","hentry","category-nacionales","category-portada"],"jetpack_featured_media_url":"https:\/\/i0.wp.com\/cdnoticias.com\/wp-content\/uploads\/2022\/08\/cecilia-moreau-diputados-massa-scaled-1.jpg?fit=2560%2C1536&ssl=1","jetpack_sharing_enabled":true,"_links":{"self":[{"href":"https:\/\/cdnoticias.com\/index.php\/wp-json\/wp\/v2\/posts\/61539","targetHints":{"allow":["GET"]}}],"collection":[{"href":"https:\/\/cdnoticias.com\/index.php\/wp-json\/wp\/v2\/posts"}],"about":[{"href":"https:\/\/cdnoticias.com\/index.php\/wp-json\/wp\/v2\/types\/post"}],"author":[{"embeddable":true,"href":"https:\/\/cdnoticias.com\/index.php\/wp-json\/wp\/v2\/users\/5"}],"replies":[{"embeddable":true,"href":"https:\/\/cdnoticias.com\/index.php\/wp-json\/wp\/v2\/comments?post=61539"}],"version-history":[{"count":0,"href":"https:\/\/cdnoticias.com\/index.php\/wp-json\/wp\/v2\/posts\/61539\/revisions"}],"wp:featuredmedia":[{"embeddable":true,"href":"https:\/\/cdnoticias.com\/index.php\/wp-json\/wp\/v2\/media\/61541"}],"wp:attachment":[{"href":"https:\/\/cdnoticias.com\/index.php\/wp-json\/wp\/v2\/media?parent=61539"}],"wp:term":[{"taxonomy":"category","embeddable":true,"href":"https:\/\/cdnoticias.com\/index.php\/wp-json\/wp\/v2\/categories?post=61539"},{"taxonomy":"post_tag","embeddable":true,"href":"https:\/\/cdnoticias.com\/index.php\/wp-json\/wp\/v2\/tags?post=61539"}],"curies":[{"name":"wp","href":"https:\/\/api.w.org\/{rel}","templated":true}]}}